{"id":25972,"date":"2026-01-15T22:39:30","date_gmt":"2026-01-15T22:39:30","guid":{"rendered":"https:\/\/www.europesays.com\/africa\/25972\/"},"modified":"2026-01-15T22:39:30","modified_gmt":"2026-01-15T22:39:30","slug":"quand-une-finale-devient-invitation-au-voyage-radio-sports","status":"publish","type":"post","link":"https:\/\/www.europesays.com\/africa\/25972\/","title":{"rendered":"quand une finale devient invitation au voyage \u00ab Radio Sports"},"content":{"rendered":"<p>Deux pays, deux cultures, deux ambiances.<br \/>La finale Maroc \u2013 S\u00e9n\u00e9gal ne se joue pas seulement sur la pelouse : elle ouvre aussi une fen\u00eatre sur\u00a0deux destinations phares du continent africain, riches d\u2019histoire, de paysages et de traditions. Tour d\u2019horizon.<\/p>\n<p>\ud83c\udf0d Rabat &amp; Dakar : deux capitales tourn\u00e9es vers l\u2019oc\u00e9an<\/p>\n<p>Rabat, h\u00e9ritage imp\u00e9rial marocain<\/p>\n<p>Ville moderne pos\u00e9e sur l\u2019Atlantique, Rabat s\u00e9duit par :<\/p>\n<p>sa\u00a0m\u00e9dina\u00a0class\u00e9e au patrimoine mondial,<\/p>\n<p>la\u00a0Kasbah des Oudayas\u00a0et son panorama sur l\u2019embouchure du Bouregreg,<\/p>\n<p>le\u00a0Mausol\u00e9e Mohammed V\u00a0et la Tour Hassan,<\/p>\n<p>des promenades en bord de mer accessibles \u00e0 pied depuis le centre.<\/p>\n<p>C\u2019est aussi un point de d\u00e9part id\u00e9al pour rayonner vers\u00a0Casablanca,\u00a0F\u00e8s\u00a0ou\u00a0Mekn\u00e8s.<\/p>\n<p>\ud83d\udc49 <a href=\"https:\/\/www.visitmorocco.com\/fr\/maroc-terre-de-football\/fr\/histoires-de-football\" rel=\"nofollow noopener\" target=\"_blank\">Le Maroc Terre de football<\/a><\/p>\n<p>Dakar, \u00e9nergie vibrante du S\u00e9n\u00e9gal<\/p>\n<p>Capitale portuaire au carrefour de l\u2019histoire et de la modernit\u00e9 :<\/p>\n<p>L\u2019\u00eele de Gor\u00e9e, haut lieu de m\u00e9moire inscrit \u00e0 l\u2019UNESCO,<\/p>\n<p>le\u00a0Monument de la Renaissance africaine, point de vue incontournable,<\/p>\n<p>les march\u00e9s color\u00e9s de\u00a0Sandaga\u00a0et\u00a0Soumb\u00e9dioune,<\/p>\n<p>des plages urbaines anim\u00e9es, entre surfeurs et pirogues.<\/p>\n<p>\ud83c\udfdc\ufe0f Dunes &amp; D\u00e9sert vs Rivages tropicaux<\/p>\n<p>Quelques heures s\u00e9parent la France de\u00a0deux mondes naturels contrast\u00e9s\u00a0:<\/p>\n<p>Au Maroc<\/p>\n<p>L\u2019immensit\u00e9 des\u00a0dunes du Sahara<\/p>\n<p>Palmeraies, villages fortifi\u00e9s, oasis<\/p>\n<p>Montagnes de l\u2019Atlas, randonn\u00e9es et vall\u00e9es suspendues<\/p>\n<p><img fetchpriority=\"high\" decoding=\"async\" width=\"1024\" height=\"470\" src=\"https:\/\/www.europesays.com\/africa\/wp-content\/uploads\/2026\/01\/ZAGORA-DUNE.jpg.webp.webp\" alt=\"\" class=\"wp-image-16058\"  \/>@ <a href=\"https:\/\/www.visitmorocco.com\" rel=\"nofollow noopener\" target=\"_blank\">https:\/\/www.visitmorocco.com<\/a><\/p>\n<p>Au S\u00e9n\u00e9gal<\/p>\n<p>Littoral atlantique et\u00a0plages du Cap Skirring<\/p>\n<p>Parc naturel du\u00a0Delta du Saloum, mangroves, oiseaux migrateurs<\/p>\n<p>Territoires sah\u00e9liens, savanes et villages s\u00e9r\u00e8res ou peuls<\/p>\n<p><img loading=\"lazy\" decoding=\"async\" width=\"944\" height=\"531\" src=\"https:\/\/www.europesays.com\/africa\/wp-content\/uploads\/2026\/01\/le_cap_skirring.jpg.webp.webp\" alt=\"\" class=\"wp-image-16061\"  \/>@ <a href=\"https:\/\/tourisme.gouv.sn\" rel=\"nofollow noopener\" target=\"_blank\">https:\/\/tourisme.gouv.sn<\/a><\/p>\n<p>\ud83d\udd4c Villes mythiques et escales culturelles<\/p>\n<p>Maroc \u2013 De Marrakech \u00e0 Chefchaouen<\/p>\n<p>Marrakech\u00a0et son incontournable place Jemaa el-Fna<\/p>\n<p>Essaouira, ambiance arts et surf<\/p>\n<p>Chefchaouen, ville bleue du Rif<\/p>\n<p>Ateliers d\u2019artisans : zellige, cuir, tapis berb\u00e8res<\/p>\n<p>S\u00e9n\u00e9gal \u2013 De Saint-Louis \u00e0 Saly<\/p>\n<p>Saint-Louis, capitale coloniale inscrite \u00e0 l\u2019UNESCO<\/p>\n<p>Saly-Portudal, baln\u00e9aire et sports nautiques<\/p>\n<p>Lac Rose, site embl\u00e9matique de Dakar<\/p>\n<p>Musique, percussions, rencontres avec joueurs de\u00a0mbalax\u00a0ou artistes de rue<\/p>\n<p>\u2708\ufe0f Voyage de supporters : y aller depuis la France<\/p>\n<p>(Informations g\u00e9n\u00e9rales disponibles aupr\u00e8s des compagnies a\u00e9riennes)<\/p>\n<p>Vols directs France \u279c Maroc\u00a0: nombreuses lignes quotidiennes (Paris, Lyon, Marseille, Nantes, Toulouse)<\/p>\n<p>Vols France \u279c S\u00e9n\u00e9gal\u00a0: liaisons r\u00e9guli\u00e8res vers Dakar depuis Paris, et selon p\u00e9riode depuis d\u2019autres grandes villes<\/p>\n<p>Dur\u00e9e moyenne (variable selon escale \u00e9ventuelle) :<\/p>\n<p>Paris \u279c Marrakech\/F\u00e8s\/Casablanca :\u00a03h00 environ<\/p>\n<p>Paris \u279c Dakar :\u00a05h30 \u00e0 6h00 environ<\/p>\n<p>\ud83c\udf92 Que rapporter dans la valise ?<\/p>\n<p>Maroc<\/p>\n<p>poterie &amp; c\u00e9ramique<\/p>\n<p>cuir (babouches, sacs)<\/p>\n<p>\u00e9pices : ras el-hanout, cumin, cannelle<\/p>\n<p>S\u00e9n\u00e9gal<\/p>\n<p>tissus wax\u00a0et\u00a0bogolan<\/p>\n<p>instruments : kora, tam-tam<\/p>\n<p>objets en bois sculpt\u00e9 ou vannerie<\/p>\n<p>\ud83d\udccd Carte pratique<\/p>\n<p>Maroc \u279c Afrique du Nord<\/p>\n<p>S\u00e9n\u00e9gal \u279c Afrique de l\u2019Ouest<\/p>\n<p>Deux pays reli\u00e9s \u00e0 la France par leurs diasporas, leur culture et d\u00e9sormais\u2026 une finale qui fait voyager.<\/p>\n<p>\ud83d\udc49<a href=\"https:\/\/radiosports.fr\/can-2025-2026-groupes-calendrier-resultats.html\" rel=\"nofollow noopener\" target=\"_blank\"> Suivre la finale de la Coupe d\u2019Afrique des Nations<\/a><\/p>\n<p>\u2708\ufe0f Combien de temps dure un vol pour aller voir un match au Maroc ou au S\u00e9n\u00e9gal ?<\/p>\n<p>Selon ville de d\u00e9part et d\u2019arriv\u00e9e :<\/p>\n<p>France \u279c Maroc : environ\u00a03 heures<\/p>\n<p>France \u279c Dakar : environ\u00a05 h 30 \u00e0 6 h<br \/>(Temps moyen observ\u00e9 \u2013 v\u00e9rifier les horaires selon transporteur)<\/p>\n<p>\ud83d\uddfa\ufe0f Quand partir ?<\/p>\n<p>Les saisons conseill\u00e9es varient :<\/p>\n<p>Maroc\u00a0: printemps et automne pour l\u2019int\u00e9rieur du pays ; toute l\u2019ann\u00e9e pour la c\u00f4te.<\/p>\n<p>S\u00e9n\u00e9gal\u00a0: p\u00e9riode s\u00e8che\u00a0novembre \u279c mai\u00a0recommand\u00e9e.<\/p>\n<p>\ud83d\udccc Une finale peut-elle devenir un pr\u00e9texte \u00e0 voyager ?<\/p>\n<p>Oui, beaucoup de supporters associent d\u00e9sormais\u00a0\u00e9v\u00e8nement sportif + city-break, en programmant un week-end prolong\u00e9 avec :<\/p>\n<p>visite culturelle,<\/p>\n<p>d\u00e9couverte gastronomique,<\/p>\n<p>activit\u00e9s sportives ou nature.<\/p>\n<p>\ud83c\udf9f\ufe0f Les villes cit\u00e9es organisent-elles des \u00e9v\u00e9nements sportifs toute l\u2019ann\u00e9e ?<\/p>\n<p>Oui, de nombreuses comp\u00e9titions et festivals existent \u00e0 Marrakech, Dakar, Saint-Louis ou Essaouira (v\u00e9rifier calendrier annuel aupr\u00e8s des offices de tourisme concern\u00e9s).<\/p>\n<p>\ud83d\udcb0 Faut-il un visa ?<\/p>\n<p>Maroc\u00a0: exemption de visa courte dur\u00e9e pour les Fran\u00e7ais (pas de d\u00e9passement des conditions de s\u00e9jour)<\/p>\n<p>S\u00e9n\u00e9gal\u00a0: entr\u00e9e sans visa pour les voyageurs fran\u00e7ais pour les s\u00e9jours touristiques (r\u00e8gles \u00e0 v\u00e9rifier avant d\u00e9part)<\/p>\n","protected":false},"excerpt":{"rendered":"Deux pays, deux cultures, deux ambiances.La finale Maroc \u2013 S\u00e9n\u00e9gal ne se joue pas seulement sur la pelouse&hellip;\n","protected":false},"author":2,"featured_media":25973,"comment_status":"","ping_status":"","sticky":false,"template":"","format":"standard","meta":{"footnotes":""},"categories":[48],"tags":[159],"class_list":{"0":"post-25972","1":"post","2":"type-post","3":"status-publish","4":"format-standard","5":"has-post-thumbnail","7":"category-senegal","8":"tag-senegal"},"share_on_mastodon":{"url":"","error":""},"_links":{"self":[{"href":"https:\/\/www.europesays.com\/africa\/wp-json\/wp\/v2\/posts\/25972","targetHints":{"allow":["GET"]}}],"collection":[{"href":"https:\/\/www.europesays.com\/africa\/wp-json\/wp\/v2\/posts"}],"about":[{"href":"https:\/\/www.europesays.com\/africa\/wp-json\/wp\/v2\/types\/post"}],"author":[{"embeddable":true,"href":"https:\/\/www.europesays.com\/africa\/wp-json\/wp\/v2\/users\/2"}],"replies":[{"embeddable":true,"href":"https:\/\/www.europesays.com\/africa\/wp-json\/wp\/v2\/comments?post=25972"}],"version-history":[{"count":0,"href":"https:\/\/www.europesays.com\/africa\/wp-json\/wp\/v2\/posts\/25972\/revisions"}],"wp:featuredmedia":[{"embeddable":true,"href":"https:\/\/www.europesays.com\/africa\/wp-json\/wp\/v2\/media\/25973"}],"wp:attachment":[{"href":"https:\/\/www.europesays.com\/africa\/wp-json\/wp\/v2\/media?parent=25972"}],"wp:term":[{"taxonomy":"category","embeddable":true,"href":"https:\/\/www.europesays.com\/africa\/wp-json\/wp\/v2\/categories?post=25972"},{"taxonomy":"post_tag","embeddable":true,"href":"https:\/\/www.europesays.com\/africa\/wp-json\/wp\/v2\/tags?post=25972"}],"curies":[{"name":"wp","href":"https:\/\/api.w.org\/{rel}","templated":true}]}}