{"id":25974,"date":"2026-01-15T22:40:17","date_gmt":"2026-01-15T22:40:17","guid":{"rendered":"https:\/\/www.europesays.com\/africa\/25974\/"},"modified":"2026-01-15T22:40:17","modified_gmt":"2026-01-15T22:40:17","slug":"le-maroc-fait-une-tres-grande-annonce","status":"publish","type":"post","link":"https:\/\/www.europesays.com\/africa\/25974\/","title":{"rendered":"Le Maroc fait une tr\u00e8s grande annonce"},"content":{"rendered":"<p>Le Maroc, pays organisateur de la CAN, et futur pays accueil de la Coupe du monde en 2030, se verrait bien faire le tripl\u00e9 avec la <a href=\"https:\/\/www.foot01.com\/cdm-clubs\" title=\"Coupe du monde des clubs\" rel=\"nofollow noopener\" target=\"_blank\">Coupe du monde des clubs<\/a>. Nouvelle comp\u00e9tition cr\u00e9\u00e9e par la FIFA et qui a permis \u00e0 Chelsea d\u2019\u00eatre sacr\u00e9 aux Etats-Unis \u00e0 l\u2019\u00e9t\u00e9 2025, la <a href=\"https:\/\/www.foot01.com\/cdm-clubs\" title=\"Coupe du monde des clubs\" rel=\"nofollow noopener\" target=\"_blank\">Coupe du monde des clubs<\/a> verra sa prochaine \u00e9dition se disputer en 2029. L\u2019Arabie Saoudite a \u00e9t\u00e9 un moment \u00e9voqu\u00e9e pour l\u2019organiser, mais la d\u00e9cision n\u2019est toujours pas tomb\u00e9e. Dans la foul\u00e9e d\u2019une <a href=\"https:\/\/www.foot01.com\/can-2025\" target=\"_self\" rel=\"nofollow noopener\">CAN<\/a> organis\u00e9e sur son sol et qui a \u00e9t\u00e9 plut\u00f4t r\u00e9ussie en dehors des premiers matchs disput\u00e9s dans des stades d\u00e9sert\u00e9s, le Maroc s\u2019est port\u00e9 candidat pour organiser l\u2019\u00e9preuve mondial dans trois ans.Faouzi Lekjaa, pr\u00e9sident de la f\u00e9d\u00e9ration marocaine de football, a fait savoir que son pays \u00e9tait pr\u00eat pour accueillir les clubs du monde entier. \u00ab Le Maroc, le Portugal et l&#8217;Espagne accueilleront la <a href=\"https:\/\/www.foot01.com\/cdm-clubs\" title=\"Coupe du monde des clubs\" rel=\"nofollow noopener\" target=\"_blank\">Coupe du Monde des Clubs<\/a> 2029, qui r\u00e9unira 32 \u00e9quipes \u00bb, a m\u00eame lanc\u00e9 le dirigeant marocain sur Radio Mars. Un discours qui s\u2019emballe un peu, d\u2019autant que Lekjaa a fait savoir que le Maroc pouvait organiser l\u2019\u00e9v\u00e8nement tout seul si l\u2019Espagne et le Portugal n\u2019\u00e9taient pas partants.<\/p>\n<p>Outre l\u2019Arabie Saoudite, le Qatar et le Br\u00e9sil se sont port\u00e9s candidats pour accueillir cette comp\u00e9tition cr\u00e9\u00e9e par la FIFA, qui surcharge le calendrier mais rapporte tr\u00e8s gros \u00e0 ses participants.<\/p>\n","protected":false},"excerpt":{"rendered":"Le Maroc, pays organisateur de la CAN, et futur pays accueil de la Coupe du monde en 2030,&hellip;\n","protected":false},"author":2,"featured_media":25975,"comment_status":"","ping_status":"","sticky":false,"template":"","format":"standard","meta":{"footnotes":""},"categories":[41],"tags":[179,15958,158],"class_list":{"0":"post-25974","1":"post","2":"type-post","3":"status-publish","4":"format-standard","5":"has-post-thumbnail","7":"category-maroc","8":"tag-can-2025","9":"tag-coupe-du-monde-des-clubs","10":"tag-maroc"},"share_on_mastodon":{"url":"","error":""},"_links":{"self":[{"href":"https:\/\/www.europesays.com\/africa\/wp-json\/wp\/v2\/posts\/25974","targetHints":{"allow":["GET"]}}],"collection":[{"href":"https:\/\/www.europesays.com\/africa\/wp-json\/wp\/v2\/posts"}],"about":[{"href":"https:\/\/www.europesays.com\/africa\/wp-json\/wp\/v2\/types\/post"}],"author":[{"embeddable":true,"href":"https:\/\/www.europesays.com\/africa\/wp-json\/wp\/v2\/users\/2"}],"replies":[{"embeddable":true,"href":"https:\/\/www.europesays.com\/africa\/wp-json\/wp\/v2\/comments?post=25974"}],"version-history":[{"count":0,"href":"https:\/\/www.europesays.com\/africa\/wp-json\/wp\/v2\/posts\/25974\/revisions"}],"wp:featuredmedia":[{"embeddable":true,"href":"https:\/\/www.europesays.com\/africa\/wp-json\/wp\/v2\/media\/25975"}],"wp:attachment":[{"href":"https:\/\/www.europesays.com\/africa\/wp-json\/wp\/v2\/media?parent=25974"}],"wp:term":[{"taxonomy":"category","embeddable":true,"href":"https:\/\/www.europesays.com\/africa\/wp-json\/wp\/v2\/categories?post=25974"},{"taxonomy":"post_tag","embeddable":true,"href":"https:\/\/www.europesays.com\/africa\/wp-json\/wp\/v2\/tags?post=25974"}],"curies":[{"name":"wp","href":"https:\/\/api.w.org\/{rel}","templated":true}]}}