{"id":25994,"date":"2026-01-15T22:55:07","date_gmt":"2026-01-15T22:55:07","guid":{"rendered":"https:\/\/www.europesays.com\/africa\/25994\/"},"modified":"2026-01-15T22:55:07","modified_gmt":"2026-01-15T22:55:07","slug":"lafd-engagee-a-mettre-en-oeuvre-des-projets-de-developpement-dans-les-provinces-du-sud-du-royaume","status":"publish","type":"post","link":"https:\/\/www.europesays.com\/africa\/25994\/","title":{"rendered":"L\u2019AFD engag\u00e9e \u00e0 mettre en \u0153uvre des projets de d\u00e9veloppement dans les provinces du Sud du Royaume"},"content":{"rendered":"<p>Lors d\u2019un point de presse \u00e0 l\u2019issue d\u2019une rencontre avec le ministre des Affaires \u00e9trang\u00e8res, de la Coop\u00e9ration africaine et des Marocains r\u00e9sidant \u00e0 l\u2019\u00e9tranger, Nasser Bourita, le Directeur g\u00e9n\u00e9ral de l\u2019AFD a indiqu\u00e9 que cette rencontre a \u00e9t\u00e9 l\u2019occasion de faire le point sur la mise en \u0153uvre des engagements pris lors de ladite visite et sur l\u2019\u00e9tat d&#8217;avancement des diff\u00e9rents projets dans les domaines de la coop\u00e9ration ferroviaire, de l&#8217;eau et de l&#8217;assainissement, outre les investissements de l\u2019Agence dans les provinces du Sud du Royaume. <\/p>\n<p>Rappelant sa visite l&#8217;ann\u00e9e derni\u00e8re \u00e0 La\u00e2youne et \u00e0 Dakhla pour rencontrer les autorit\u00e9s et identifier les points d&#8217;investissement, M. Rioux a soulign\u00e9 que l\u2019AFD travaille actuellement sur le financement des ports via l&#8217;Agence nationale des ports et sur la possibilit\u00e9 de soutenir les Soci\u00e9t\u00e9s r\u00e9gionales multiservices (SRM), nouvellement cr\u00e9\u00e9es dans ces deux r\u00e9gions du Maroc. <\/p>\n<p>&#8220;Nous travaillons en ce moment \u00e0 la fois sur le financement des ports via l\u2019Agence nationale des ports, mais \u00e9galement la possibilit\u00e9 de financer directement ces deux r\u00e9gions (NDLR La\u00e2youne et Dakhla), ainsi que les soci\u00e9t\u00e9s r\u00e9gionales multiservices qui viennent d&#8217;\u00eatre cr\u00e9\u00e9es pour les services publics&#8221;, a-t-il dit. <\/p>\n<p>Au sujet de la coop\u00e9ration africaine, M. Rioux a soulign\u00e9 que ses discussions avec M. Bourita se sont focalis\u00e9es sur la d\u00e9termination du Maroc et de la France \u00e0 joindre leurs forces pour le d\u00e9veloppement du continent, &#8220;au-del\u00e0 bien s\u00fbr de notre coop\u00e9ration bilat\u00e9rale en identifiant des sujets d&#8217;int\u00e9r\u00eat commun dans lesquels nos entreprises, nos op\u00e9rateurs auraient des capacit\u00e9s \u00e0 travailler ensemble, dans la perspective du Sommet Afrique-France (Africa Forward) pr\u00e9vu en mai prochain \u00e0 Nairobi&#8221;. <\/p>\n<p>Aussi, il a fait savoir que son d\u00e9placement dans le Royaume intervient dans le cadre de sa participation au Sommet &#8220;Game Time Africa&#8221;, organis\u00e9 \u00e0 l\u2019occasion de la Coupe d\u2019Afrique des Nations (CAN-Maroc 2025), saisissant cette occasion pour saluer la qualit\u00e9 de l\u2019organisation de cette comp\u00e9tition continentale, ainsi que la performance de l\u2019\u00e9quipe nationale marocaine lors de ce rendez-vous footballistique.<\/p>\n","protected":false},"excerpt":{"rendered":"Lors d\u2019un point de presse \u00e0 l\u2019issue d\u2019une rencontre avec le ministre des Affaires \u00e9trang\u00e8res, de la Coop\u00e9ration&hellip;\n","protected":false},"author":2,"featured_media":25995,"comment_status":"","ping_status":"","sticky":false,"template":"","format":"standard","meta":{"footnotes":""},"categories":[41],"tags":[554,553,555,556,563,565,560,567,561,557,162,566,564,558,559,158,562,248,239,310,568],"class_list":{"0":"post-25994","1":"post","2":"type-post","3":"status-publish","4":"format-standard","5":"has-post-thumbnail","7":"category-maroc","8":"tag-actualites","9":"tag-actualites-et-infos-au-maroc","10":"tag-actualites-et-infos-mondiale","11":"tag-actualites-marocaines-du-jour","12":"tag-alimentation","13":"tag-analyses","14":"tag-art-de-vivre","15":"tag-chronique","16":"tag-consommation-et-bien-etre","17":"tag-culture","18":"tag-economie","19":"tag-edito","20":"tag-etudes","21":"tag-insolite","22":"tag-loisirs","23":"tag-maroc","24":"tag-mode","25":"tag-politique","26":"tag-societe","27":"tag-sport","28":"tag-tribune"},"share_on_mastodon":{"url":"","error":""},"_links":{"self":[{"href":"https:\/\/www.europesays.com\/africa\/wp-json\/wp\/v2\/posts\/25994","targetHints":{"allow":["GET"]}}],"collection":[{"href":"https:\/\/www.europesays.com\/africa\/wp-json\/wp\/v2\/posts"}],"about":[{"href":"https:\/\/www.europesays.com\/africa\/wp-json\/wp\/v2\/types\/post"}],"author":[{"embeddable":true,"href":"https:\/\/www.europesays.com\/africa\/wp-json\/wp\/v2\/users\/2"}],"replies":[{"embeddable":true,"href":"https:\/\/www.europesays.com\/africa\/wp-json\/wp\/v2\/comments?post=25994"}],"version-history":[{"count":0,"href":"https:\/\/www.europesays.com\/africa\/wp-json\/wp\/v2\/posts\/25994\/revisions"}],"wp:featuredmedia":[{"embeddable":true,"href":"https:\/\/www.europesays.com\/africa\/wp-json\/wp\/v2\/media\/25995"}],"wp:attachment":[{"href":"https:\/\/www.europesays.com\/africa\/wp-json\/wp\/v2\/media?parent=25994"}],"wp:term":[{"taxonomy":"category","embeddable":true,"href":"https:\/\/www.europesays.com\/africa\/wp-json\/wp\/v2\/categories?post=25994"},{"taxonomy":"post_tag","embeddable":true,"href":"https:\/\/www.europesays.com\/africa\/wp-json\/wp\/v2\/tags?post=25994"}],"curies":[{"name":"wp","href":"https:\/\/api.w.org\/{rel}","templated":true}]}}