{"id":26007,"date":"2026-01-15T23:09:07","date_gmt":"2026-01-15T23:09:07","guid":{"rendered":"https:\/\/www.europesays.com\/africa\/26007\/"},"modified":"2026-01-15T23:09:07","modified_gmt":"2026-01-15T23:09:07","slug":"maroc-affiche-prestige-stars-une-finale-de-can-revee","status":"publish","type":"post","link":"https:\/\/www.europesays.com\/africa\/26007\/","title":{"rendered":"Maroc : affiche, prestige, stars\u2026 une finale de CAN r\u00eav\u00e9e ?"},"content":{"rendered":"<p><img decoding=\"async\" fetchpriority=\"high\" src=\"https:\/\/www.europesays.com\/africa\/wp-content\/uploads\/2026\/01\/placeholder_lcp_video.05bf4656ae0a2da173edc7ce90e1a7d8.webp.webp\" width=\"800\" height=\"450\" alt=\"placeholder video\"\/>Apr\u00e8s les demi-finales disput\u00e9es ce mercredi, le contrat est rempli pour les deux grandissimes favoris de la comp\u00e9tition. Plac\u00e9s au-dessus de la m\u00eal\u00e9e avant cette CAN, le S\u00e9n\u00e9gal et le Maroc se retrouveront ce dimanche en finale \u00e0 Tanger. Sadio Man\u00e9 contre Achraf Hakimi, le vainqueur de la CAN 2022 face \u00e0 la nation africaine qui a r\u00e9alis\u00e9 la meilleure performance en Coupe du monde 2022 (demi-finaliste)\u2026 Est-ce la finale r\u00eav\u00e9e ?<\/p>\n<p>Hier \u00e0 23h29 | Dur\u00e9e : 7:29<\/p>\n","protected":false},"excerpt":{"rendered":"Apr\u00e8s les demi-finales disput\u00e9es ce mercredi, le contrat est rempli pour les deux grandissimes favoris de la comp\u00e9tition.&hellip;\n","protected":false},"author":2,"featured_media":26008,"comment_status":"","ping_status":"","sticky":false,"template":"","format":"standard","meta":{"footnotes":""},"categories":[48],"tags":[159],"class_list":{"0":"post-26007","1":"post","2":"type-post","3":"status-publish","4":"format-standard","5":"has-post-thumbnail","7":"category-senegal","8":"tag-senegal"},"share_on_mastodon":{"url":"","error":""},"_links":{"self":[{"href":"https:\/\/www.europesays.com\/africa\/wp-json\/wp\/v2\/posts\/26007","targetHints":{"allow":["GET"]}}],"collection":[{"href":"https:\/\/www.europesays.com\/africa\/wp-json\/wp\/v2\/posts"}],"about":[{"href":"https:\/\/www.europesays.com\/africa\/wp-json\/wp\/v2\/types\/post"}],"author":[{"embeddable":true,"href":"https:\/\/www.europesays.com\/africa\/wp-json\/wp\/v2\/users\/2"}],"replies":[{"embeddable":true,"href":"https:\/\/www.europesays.com\/africa\/wp-json\/wp\/v2\/comments?post=26007"}],"version-history":[{"count":0,"href":"https:\/\/www.europesays.com\/africa\/wp-json\/wp\/v2\/posts\/26007\/revisions"}],"wp:featuredmedia":[{"embeddable":true,"href":"https:\/\/www.europesays.com\/africa\/wp-json\/wp\/v2\/media\/26008"}],"wp:attachment":[{"href":"https:\/\/www.europesays.com\/africa\/wp-json\/wp\/v2\/media?parent=26007"}],"wp:term":[{"taxonomy":"category","embeddable":true,"href":"https:\/\/www.europesays.com\/africa\/wp-json\/wp\/v2\/categories?post=26007"},{"taxonomy":"post_tag","embeddable":true,"href":"https:\/\/www.europesays.com\/africa\/wp-json\/wp\/v2\/tags?post=26007"}],"curies":[{"name":"wp","href":"https:\/\/api.w.org\/{rel}","templated":true}]}}