{"id":26063,"date":"2026-01-15T23:51:11","date_gmt":"2026-01-15T23:51:11","guid":{"rendered":"https:\/\/www.europesays.com\/africa\/26063\/"},"modified":"2026-01-15T23:51:11","modified_gmt":"2026-01-15T23:51:11","slug":"lhistoire-jamais-connue-de-bineta-mecanicienne-devenue-celebre-par-accident","status":"publish","type":"post","link":"https:\/\/www.europesays.com\/africa\/26063\/","title":{"rendered":"L&#8217;histoire jamais connue de Bineta M\u00e9canicienne, devenue c\u00e9l\u00e8bre par accident"},"content":{"rendered":"<p>Dans les ateliers de Poste Thiaroye, l\u00e0 o\u00f9 les moteurs grondent et l\u2019odeur d\u2019huile se m\u00eale \u00e0 la poussi\u00e8re, Bineta M\u00e9canicienne se distingue par son travail et son assurance. Casquette viss\u00e9e sur la t\u00eate, mains plong\u00e9es dans les moteurs de motos, elle incarne une raret\u00e9 : une jeune femme ayant choisi d\u00e8s l\u2019adolescence un m\u00e9tier traditionnellement masculin.            <\/p>\n<p class=\"pread\" style=\"background: #fff6d3;font-size:17px !important;padding:0px 0 16px 0;border:none;font-family:'source-sans-pro' !important;color:#444 !important;\">\n<p>La suite est r\u00e9serv\u00e9e \u00e0 nos abonn\u00e9s.<br \/>D\u00e9j\u00e0 abonn\u00e9 ? <a href=\"https:\/\/www.senenews.com\/login?redirect_to=https:\/\/www.senenews.com\/premium\/lhistoire-jamais-connue-de-bineta-mecanicienne-devenue-celebre-par-accident_572716.html\" style=\"text-decoration: underline !important;font-weight: bold;\" rel=\"nofollow noopener\" target=\"_blank\">Se connecter<\/a><\/p>\n<p>Profitez de 3 mois offerts<br \/>et acc\u00e9dez \u00e0 tous nos contenus<br \/>sans aucune publicit\u00e9<\/p>\n<p style=\"text-align:center;font-size:14px;font-family:'source-sans-pro'\">\n<a href=\"https:\/\/www.senenews.com\/rejoignez-senenews-premium-pour-soutenir-une-redaction-libre-et-independante\" style=\"text-decoration:none!important;border-bottom:1px solid\" rel=\"nofollow noopener\" target=\"_blank\">Pourquoi vous devez soutenir l\u2019initiative Senenews Premium?<\/a><\/p>\n","protected":false},"excerpt":{"rendered":"Dans les ateliers de Poste Thiaroye, l\u00e0 o\u00f9 les moteurs grondent et l\u2019odeur d\u2019huile se m\u00eale \u00e0 la&hellip;\n","protected":false},"author":2,"featured_media":12158,"comment_status":"","ping_status":"","sticky":false,"template":"","format":"standard","meta":{"footnotes":""},"categories":[48],"tags":[159],"class_list":{"0":"post-26063","1":"post","2":"type-post","3":"status-publish","4":"format-standard","5":"has-post-thumbnail","7":"category-senegal","8":"tag-senegal"},"share_on_mastodon":{"url":"","error":""},"_links":{"self":[{"href":"https:\/\/www.europesays.com\/africa\/wp-json\/wp\/v2\/posts\/26063","targetHints":{"allow":["GET"]}}],"collection":[{"href":"https:\/\/www.europesays.com\/africa\/wp-json\/wp\/v2\/posts"}],"about":[{"href":"https:\/\/www.europesays.com\/africa\/wp-json\/wp\/v2\/types\/post"}],"author":[{"embeddable":true,"href":"https:\/\/www.europesays.com\/africa\/wp-json\/wp\/v2\/users\/2"}],"replies":[{"embeddable":true,"href":"https:\/\/www.europesays.com\/africa\/wp-json\/wp\/v2\/comments?post=26063"}],"version-history":[{"count":0,"href":"https:\/\/www.europesays.com\/africa\/wp-json\/wp\/v2\/posts\/26063\/revisions"}],"wp:featuredmedia":[{"embeddable":true,"href":"https:\/\/www.europesays.com\/africa\/wp-json\/wp\/v2\/media\/12158"}],"wp:attachment":[{"href":"https:\/\/www.europesays.com\/africa\/wp-json\/wp\/v2\/media?parent=26063"}],"wp:term":[{"taxonomy":"category","embeddable":true,"href":"https:\/\/www.europesays.com\/africa\/wp-json\/wp\/v2\/categories?post=26063"},{"taxonomy":"post_tag","embeddable":true,"href":"https:\/\/www.europesays.com\/africa\/wp-json\/wp\/v2\/tags?post=26063"}],"curies":[{"name":"wp","href":"https:\/\/api.w.org\/{rel}","templated":true}]}}