{"id":261,"date":"2026-01-03T12:30:09","date_gmt":"2026-01-03T12:30:09","guid":{"rendered":"https:\/\/www.europesays.com\/africa\/261\/"},"modified":"2026-01-03T12:30:09","modified_gmt":"2026-01-03T12:30:09","slug":"air-algerie-sattaque-aux-bagages-a-main-non-prevus","status":"publish","type":"post","link":"https:\/\/www.europesays.com\/africa\/261\/","title":{"rendered":"Air Alg\u00e9rie s\u2019attaque aux \u00ab bagages \u00e0 main non pr\u00e9vus \u00bb"},"content":{"rendered":"<p style=\"font-weight: 400;\">Finie l\u2019\u00e9poque ou Air Alg\u00e9rie se distinguait par une politique\u00a0<a href=\"https:\/\/www.visa-algerie.com\/bagages-supplementaires-air-algerie-devoile-une-nouveaute\/\" target=\"_blank\" rel=\"noopener nofollow\" data-saferedirecturl=\"https:\/\/www.google.com\/url?q=https:\/\/www.visa-algerie.com\/bagages-supplementaires-air-algerie-devoile-une-nouveaute\/&amp;source=gmail&amp;ust=1767520849288000&amp;usg=AOvVaw0YBOvQyq5GPzSEvqmJAvaE\">bagage<\/a>\u00a0g\u00e9n\u00e9reuse et sensiblement flexible, ce qui arrangeait grandement les choses pour les Alg\u00e9riens de l\u2019\u00e9tranger de retour au Bled. Certains abusaient m\u00eame de cette g\u00e9n\u00e9rosit\u00e9 en se pr\u00e9sentant dans la cabine avec deux ou trois bagages.<\/p>\n<p style=\"font-weight: 400;\">Depuis quelques mois, la compagnie a\u00e9rienne nationale alg\u00e9rienne multiplie les restrictions sur les bagages des passagers, \u00e0 commencer par sa d\u00e9cision de r\u00e9duire sa\u00a0<a href=\"https:\/\/www.visa-algerie.com\/bagages-air-algerie-franchise-tarifs-dimensionsvoici-ce-qui-a-change-en-2024\/\" target=\"_blank\" rel=\"noopener nofollow\" data-saferedirecturl=\"https:\/\/www.google.com\/url?q=https:\/\/www.visa-algerie.com\/bagages-air-algerie-franchise-tarifs-dimensionsvoici-ce-qui-a-change-en-2024\/&amp;source=gmail&amp;ust=1767520849288000&amp;usg=AOvVaw2Cb2uUn_AuNPUo3CH9wyW3\">franchise bagage<\/a>\u00a0\u00e0 une seule pi\u00e8ce de 23 kilos en soute (au lieu de 30 kilos) et \u00e0 un seul bagage en cabine de 10 kilos.<\/p>\n<p style=\"font-weight: 400;\">Jusque-l\u00e0, Air Alg\u00e9rie ne s\u2019est pas attaqu\u00e9e aux combines de certains voyageurs qui tentent d\u2019embarquer avec des bagages cabines qui ne correspondent pas \u00e0 ce que leur autorise leur billet, mais la compagnie a\u00e9rienne semble d\u00e9sormais engag\u00e9e sur ce chemin.<\/p>\n<p>\u00ab\u00a0Bagages \u00e0 main non pr\u00e9vus\u00a0\u00bb<\/p>\n<p style=\"font-weight: 400;\">Sur les r\u00e9seaux sociaux, une affiche d\u2019Air Alg\u00e9rie commence en effet \u00e0 faire le tour, dans laquelle on voit que la compagnie applique une lourde taxe sur ses passagers \u00ab\u00a0qui se pr\u00e9sentent \u00e0 l\u2019embarquement avec un bagage \u00e0 main non pr\u00e9vu\u00a0\u00bb.<\/p>\n<p style=\"font-weight: 400;\">La formule \u00ab\u00a0bagage \u00e0 main non pr\u00e9vu\u00a0\u00bb laisse une grande marge d\u00e9cisionnaire au personnel de la compagnie aux portes d\u2019embarquement. Ils peuvent ainsi interdire \u00e0 un passager d\u2019embarquer avec son bagage cabine dans plusieurs cas, s\u2019ils jugent qu\u2019il ne r\u00e9pond pas aux conditions en vigueur.<\/p>\n<p style=\"font-weight: 400;\">Ce bagage non conforme aux conditions de voyage qui figurent sur le billet, va \u00eatre \u00ab\u00a0factur\u00e9 et charg\u00e9 en soute\u00a0\u00bb, lit-on encore sur cette nouvelle note de la compagnie nationale, qui pr\u00e9cise que le prix \u00e0 appliquer dans ce genre de situation est de 180 \u20ac\u00a0!<\/p>\n<p style=\"font-weight: 400;\">Cette note vise notamment les passagers qui tentent de dissimuler un deuxi\u00e8me bagage \u00e0 main ou d\u2019embarquer en cabine avec un bagage trop volumineux qui n\u2019a pas \u00e9t\u00e9 pr\u00e9sent\u00e9 lors de l\u2019enregistrement.<\/p>\n<p style=\"font-weight: 400;\">Sur son site web, la compagnie rappelle qu\u2019un bagage cabine ne doit pas d\u00e9passer 35 cm de hauteur, 55 cm de largeur et 25 cm d\u2019\u00e9paisseur.\u00a0La compagnie explique que le bagage doit entrer dans un espace de rangement ferm\u00e9. Ainsi, si le bagage est trop grand, il sera transf\u00e9r\u00e9 en soute.<\/p>\n","protected":false},"excerpt":{"rendered":"Finie l\u2019\u00e9poque ou Air Alg\u00e9rie se distinguait par une politique\u00a0bagage\u00a0g\u00e9n\u00e9reuse et sensiblement flexible, ce qui arrangeait grandement les&hellip;\n","protected":false},"author":2,"featured_media":262,"comment_status":"","ping_status":"","sticky":false,"template":"","format":"standard","meta":{"footnotes":""},"categories":[254],"tags":[359,255],"class_list":{"0":"post-261","1":"post","2":"type-post","3":"status-publish","4":"format-standard","5":"has-post-thumbnail","7":"category-algerie","8":"tag-air-algerie","9":"tag-algerie"},"share_on_mastodon":{"url":"","error":""},"_links":{"self":[{"href":"https:\/\/www.europesays.com\/africa\/wp-json\/wp\/v2\/posts\/261","targetHints":{"allow":["GET"]}}],"collection":[{"href":"https:\/\/www.europesays.com\/africa\/wp-json\/wp\/v2\/posts"}],"about":[{"href":"https:\/\/www.europesays.com\/africa\/wp-json\/wp\/v2\/types\/post"}],"author":[{"embeddable":true,"href":"https:\/\/www.europesays.com\/africa\/wp-json\/wp\/v2\/users\/2"}],"replies":[{"embeddable":true,"href":"https:\/\/www.europesays.com\/africa\/wp-json\/wp\/v2\/comments?post=261"}],"version-history":[{"count":0,"href":"https:\/\/www.europesays.com\/africa\/wp-json\/wp\/v2\/posts\/261\/revisions"}],"wp:featuredmedia":[{"embeddable":true,"href":"https:\/\/www.europesays.com\/africa\/wp-json\/wp\/v2\/media\/262"}],"wp:attachment":[{"href":"https:\/\/www.europesays.com\/africa\/wp-json\/wp\/v2\/media?parent=261"}],"wp:term":[{"taxonomy":"category","embeddable":true,"href":"https:\/\/www.europesays.com\/africa\/wp-json\/wp\/v2\/categories?post=261"},{"taxonomy":"post_tag","embeddable":true,"href":"https:\/\/www.europesays.com\/africa\/wp-json\/wp\/v2\/tags?post=261"}],"curies":[{"name":"wp","href":"https:\/\/api.w.org\/{rel}","templated":true}]}}