{"id":26293,"date":"2026-01-16T03:22:19","date_gmt":"2026-01-16T03:22:19","guid":{"rendered":"https:\/\/www.europesays.com\/africa\/26293\/"},"modified":"2026-01-16T03:22:19","modified_gmt":"2026-01-16T03:22:19","slug":"commande-publique-larcop-presente-la-plateforme-appel-a-saint-louis","status":"publish","type":"post","link":"https:\/\/www.europesays.com\/africa\/26293\/","title":{"rendered":"Commande publique: L\u2019Arcop pr\u00e9sente la plateforme APPEL \u00e0 Saint-Louis"},"content":{"rendered":"<p>L\u2019Autorit\u00e9 de r\u00e9gulation de la commande publique (Arcop) a tenu \u00e0 Saint-Louis une \u00e9tape de la caravane nationale de d\u00e9mat\u00e9rialisation des proc\u00e9dures de la commande publique, \u00e0 travers des sessions de formation et de sensibilisation autour de la plateforme APPEL (Achats publics et proc\u00e9dures \u00e9lectroniques).<\/p>\n<p>Pr\u00e9sent\u00e9e par le directeur g\u00e9n\u00e9ral de l\u2019Arcop, Dr Moustapha Djitt\u00e9, la plateforme Apel vise \u00e0 remplacer les proc\u00e9dures papier par des processus enti\u00e8rement \u00e9lectroniques. \u00ab Les avis d\u2019appel d\u2019offres, le d\u00e9p\u00f4t et l\u2019ouverture des offres se feront d\u00e9sormais sur la plateforme, garantissant plus de transparence et de tra\u00e7abilit\u00e9 \u00bb, a-t-il expliqu\u00e9.<\/p>\n<p>Apr\u00e8s une phase exp\u00e9rimentale lanc\u00e9e en octobre 2025, l\u2019Arcop a entam\u00e9 une campagne nationale de sensibilisation pour permettre aux acteurs publics et priv\u00e9s de mieux s\u2019approprier l\u2019outil.<\/p>\n<p>\u00c0 Saint-Louis, les autorit\u00e9s contractantes ont \u00e9t\u00e9 re\u00e7ues lors de la premi\u00e8re journ\u00e9e, suivies des op\u00e9rateurs \u00e9conomiques du secteur priv\u00e9.<\/p>\n<p>Pour le directeur r\u00e9gional des march\u00e9s publics, Dr Mamadou Mounirou Diallo, la plateforme constitue une avanc\u00e9e majeure. \u00ab Elle permettra de r\u00e9duire la charge de travail, les co\u00fbts et les contraintes li\u00e9es \u00e0 la distance, notamment pour les acteurs venant des zones \u00e9loign\u00e9es \u00bb, a-t-il soulign\u00e9.<\/p>\n<p>Les autorit\u00e9s administratives r\u00e9gionales saluent \u00e9galement l\u2019initiative. \u00ab APPEL est un outil de souverainet\u00e9 num\u00e9rique qui va renforcer la transparence, la c\u00e9l\u00e9rit\u00e9 et l\u2019\u00e9conomie des march\u00e9s publics \u00bb, a d\u00e9clar\u00e9 Sidy Guiss\u00e9 Diongue, adjoint au gouverneur de Saint-Louis.<\/p>\n<p>\u00c0 travers la plateforme APPEL, officiellement lanc\u00e9e le 14 octobre 2025, l\u2019ARCOP entend moderniser la commande publique, favoriser une participation plus inclusive et acc\u00e9l\u00e9rer la r\u00e9alisation des projets publics au b\u00e9n\u00e9fice des populations.<\/p>\n<p>Jeanne SAGNA (Correspondante)<\/p>\n","protected":false},"excerpt":{"rendered":"L\u2019Autorit\u00e9 de r\u00e9gulation de la commande publique (Arcop) a tenu \u00e0 Saint-Louis une \u00e9tape de la caravane nationale&hellip;\n","protected":false},"author":2,"featured_media":26294,"comment_status":"","ping_status":"","sticky":false,"template":"","format":"standard","meta":{"footnotes":""},"categories":[48],"tags":[159],"class_list":{"0":"post-26293","1":"post","2":"type-post","3":"status-publish","4":"format-standard","5":"has-post-thumbnail","7":"category-senegal","8":"tag-senegal"},"share_on_mastodon":{"url":"","error":""},"_links":{"self":[{"href":"https:\/\/www.europesays.com\/africa\/wp-json\/wp\/v2\/posts\/26293","targetHints":{"allow":["GET"]}}],"collection":[{"href":"https:\/\/www.europesays.com\/africa\/wp-json\/wp\/v2\/posts"}],"about":[{"href":"https:\/\/www.europesays.com\/africa\/wp-json\/wp\/v2\/types\/post"}],"author":[{"embeddable":true,"href":"https:\/\/www.europesays.com\/africa\/wp-json\/wp\/v2\/users\/2"}],"replies":[{"embeddable":true,"href":"https:\/\/www.europesays.com\/africa\/wp-json\/wp\/v2\/comments?post=26293"}],"version-history":[{"count":0,"href":"https:\/\/www.europesays.com\/africa\/wp-json\/wp\/v2\/posts\/26293\/revisions"}],"wp:featuredmedia":[{"embeddable":true,"href":"https:\/\/www.europesays.com\/africa\/wp-json\/wp\/v2\/media\/26294"}],"wp:attachment":[{"href":"https:\/\/www.europesays.com\/africa\/wp-json\/wp\/v2\/media?parent=26293"}],"wp:term":[{"taxonomy":"category","embeddable":true,"href":"https:\/\/www.europesays.com\/africa\/wp-json\/wp\/v2\/categories?post=26293"},{"taxonomy":"post_tag","embeddable":true,"href":"https:\/\/www.europesays.com\/africa\/wp-json\/wp\/v2\/tags?post=26293"}],"curies":[{"name":"wp","href":"https:\/\/api.w.org\/{rel}","templated":true}]}}