{"id":263,"date":"2026-01-03T12:31:07","date_gmt":"2026-01-03T12:31:07","guid":{"rendered":"https:\/\/www.europesays.com\/africa\/263\/"},"modified":"2026-01-03T12:31:07","modified_gmt":"2026-01-03T12:31:07","slug":"quand-le-reve-espagnol-vire-au-piege-judiciaire","status":"publish","type":"post","link":"https:\/\/www.europesays.com\/africa\/263\/","title":{"rendered":"quand le r\u00eave espagnol vire au pi\u00e8ge judiciaire"},"content":{"rendered":"<p data-originalcomputedfontsize=\"16\" data-removefontsize=\"true\" style=\"font-size: 1rem; -webkit-text-size-adjust: auto; caret-color: rgb(212, 212, 213); font-family: -apple-system, sans-serif; word-spacing: 1px; -webkit-tap-highlight-color: rgba(255, 255, 255, 0.25); border-color: rgb(49, 49, 49); color: rgb(49, 49, 49);\">\u00c0 Malicounda, le mirage d\u2019un d\u00e9part vers l\u2019Espagne s\u2019est brutalement dissip\u00e9 pour onze candidats \u00e0 l\u2019\u00e9migration clandestine. Dans la soir\u00e9e du mardi 23 d\u00e9cembre 2025, la brigade de gendarmerie locale a mis fin aux activit\u00e9s d\u2019un r\u00e9seau bien rod\u00e9, en interpellant un convoyeur pr\u00e9sum\u00e9 et les aspirants \u00e0 l\u2019exil qu\u2019il h\u00e9bergeait depuis plusieurs semaines. Une affaire r\u00e9v\u00e9latrice des m\u00e9canismes, mais aussi des drames humains, qui entourent l\u2019\u00e9migration irr\u00e9guli\u00e8re, selon les r\u00e9v\u00e9lations du quotidien L\u2019Observateur. <\/p>\n<p style=\"-webkit-text-size-adjust: auto; caret-color: rgb(212, 212, 213); font-family: -apple-system, sans-serif; word-spacing: 1px; -webkit-tap-highlight-color: rgba(255, 255, 255, 0.25); border-color: rgb(49, 49, 49); color: rgb(49, 49, 49);\">\u00a0 <\/p>\n<p data-originalcomputedfontsize=\"16\" data-removefontsize=\"true\" style=\"font-size: 1rem; -webkit-text-size-adjust: auto; caret-color: rgb(212, 212, 213); font-family: -apple-system, sans-serif; word-spacing: 1px; -webkit-tap-highlight-color: rgba(255, 255, 255, 0.25); border-color: rgb(49, 49, 49); color: rgb(49, 49, 49);\">D\u2019apr\u00e8s L\u2019Observateur, tout est parti de la plainte d\u00e9pos\u00e9e par F. Konar\u00e9, un ressortissant malien \u00e0 bout de patience. Comme les dix autres candidats, originaires du Mali et de la Guin\u00e9e, il nourrissait l\u2019espoir d\u2019un d\u00e9part imminent vers l\u2019Europe. Mais apr\u00e8s plusieurs mois d\u2019attente ponctu\u00e9s de reports successifs, le doute s\u2019est install\u00e9. Exc\u00e9d\u00e9, Konar\u00e9 d\u00e9cide alors de saisir les autorit\u00e9s, d\u00e9non\u00e7ant un syst\u00e8me qu\u2019il estime frauduleux. <\/p>\n<p style=\"-webkit-text-size-adjust: auto; caret-color: rgb(212, 212, 213); font-family: -apple-system, sans-serif; word-spacing: 1px; -webkit-tap-highlight-color: rgba(255, 255, 255, 0.25); border-color: rgb(49, 49, 49); color: rgb(49, 49, 49);\">\u00a0 <\/p>\n<p data-originalcomputedfontsize=\"16\" data-removefontsize=\"true\" style=\"font-size: 1rem; -webkit-text-size-adjust: auto; caret-color: rgb(212, 212, 213); font-family: -apple-system, sans-serif; word-spacing: 1px; -webkit-tap-highlight-color: rgba(255, 255, 255, 0.25); border-color: rgb(49, 49, 49); color: rgb(49, 49, 49);\">Les candidats avaient chacun vers\u00e9 un acompte de 500 000 francs CFA au convoyeur pr\u00e9sum\u00e9, F. Keita, pour un voyage dont le co\u00fbt total \u00e9tait fix\u00e9 \u00e0 1 250 000 francs CFA par personne. En attendant le d\u00e9part tant promis, ils \u00e9taient log\u00e9s depuis plus de deux mois dans une maison lou\u00e9e \u00e0 Malicounda Sud, transform\u00e9e en v\u00e9ritable base arri\u00e8re du r\u00e9seau. Une promiscuit\u00e9 pesante, entretenue par des promesses renouvel\u00e9es mais jamais concr\u00e9tis\u00e9es. <\/p>\n<p style=\"-webkit-text-size-adjust: auto; caret-color: rgb(212, 212, 213); font-family: -apple-system, sans-serif; word-spacing: 1px; -webkit-tap-highlight-color: rgba(255, 255, 255, 0.25); border-color: rgb(49, 49, 49); color: rgb(49, 49, 49);\">\u00a0 <\/p>\n<p data-originalcomputedfontsize=\"16\" data-removefontsize=\"true\" style=\"font-size: 1rem; -webkit-text-size-adjust: auto; caret-color: rgb(212, 212, 213); font-family: -apple-system, sans-serif; word-spacing: 1px; -webkit-tap-highlight-color: rgba(255, 255, 255, 0.25); border-color: rgb(49, 49, 49); color: rgb(49, 49, 49);\">Sur la base des informations fournies par le plaignant, les gendarmes ont effectu\u00e9 une descente cibl\u00e9e au domicile en question. Sur place, ils ont surpris F. Keita et les onze candidats, bagages pr\u00eats, en pleins pr\u00e9paratifs pour un hypoth\u00e9tique d\u00e9part annonc\u00e9 pour le 31 d\u00e9cembre. Une sc\u00e8ne qui, loin d\u2019annoncer l\u2019aboutissement d\u2019un projet migratoire, a marqu\u00e9 le d\u00e9but d\u2019une proc\u00e9dure judiciaire. <\/p>\n<p style=\"-webkit-text-size-adjust: auto; caret-color: rgb(212, 212, 213); font-family: -apple-system, sans-serif; word-spacing: 1px; -webkit-tap-highlight-color: rgba(255, 255, 255, 0.25); border-color: rgb(49, 49, 49); color: rgb(49, 49, 49);\">\u00a0 <\/p>\n<p data-originalcomputedfontsize=\"16\" data-removefontsize=\"true\" style=\"font-size: 1rem; -webkit-text-size-adjust: auto; caret-color: rgb(212, 212, 213); font-family: -apple-system, sans-serif; word-spacing: 1px; -webkit-tap-highlight-color: rgba(255, 255, 255, 0.25); border-color: rgb(49, 49, 49); color: rgb(49, 49, 49);\">Conduits \u00e0 la brigade, tous les candidats ont confirm\u00e9 les faits : voyages sans cesse report\u00e9s, refus de remboursement et sentiment d\u2019avoir \u00e9t\u00e9 flou\u00e9s. Plac\u00e9 en garde \u00e0 vue, F. Keita a reconnu avoir collect\u00e9 les fonds, tout en tentant de se d\u00e9douaner. Il a affirm\u00e9 avoir remis l\u2019argent \u00e0 un certain \u00ab Abou \u00bb, pr\u00e9sent\u00e9 comme le propri\u00e9taire de la pirogue devant assurer la travers\u00e9e vers l\u2019Espagne. Selon lui, cet homme aurait disparu apr\u00e8s encaissement, le laissant seul face \u00e0 la col\u00e8re des candidats. Une version accueillie avec scepticisme, tant par les victimes que par les enqu\u00eateurs, rapporte L\u2019Observateur. <\/p>\n<p style=\"-webkit-text-size-adjust: auto; caret-color: rgb(212, 212, 213); font-family: -apple-system, sans-serif; word-spacing: 1px; -webkit-tap-highlight-color: rgba(255, 255, 255, 0.25); border-color: rgb(49, 49, 49); color: rgb(49, 49, 49);\">\u00a0 <\/p>\n<p data-originalcomputedfontsize=\"16\" data-removefontsize=\"true\" dir=\"auto\" style=\"font-size: 1rem; -webkit-text-size-adjust: auto; caret-color: rgb(212, 212, 213); font-family: -apple-system, sans-serif; word-spacing: 1px; -webkit-tap-highlight-color: rgba(255, 255, 255, 0.25); border-color: rgb(49, 49, 49); color: rgb(49, 49, 49);\">\u00c0 l\u2019issue de sa garde \u00e0 vue, le convoyeur pr\u00e9sum\u00e9 a \u00e9t\u00e9 d\u00e9f\u00e9r\u00e9 devant le parquet de Mbour. Un mandat de d\u00e9p\u00f4t a \u00e9t\u00e9 d\u00e9cern\u00e9 contre lui pour des chefs d\u2019inculpation lourds : traite de personnes, \u00e9migration clandestine, escroquerie et complicit\u00e9. Parall\u00e8lement, un mandat d\u2019arr\u00eat a \u00e9t\u00e9 lanc\u00e9 contre \u00ab Abou \u00bb, toujours en fuite. Quant aux onze candidats, s\u2019ils ont \u00e9chapp\u00e9 \u00e0 un voyage maritime potentiellement mortel, ils devront d\u00e9sormais r\u00e9pondre aux exigences administratives et judiciaires pr\u00e9vues dans le cadre de la lutte contre l\u2019\u00e9migration irr\u00e9guli\u00e8re. <\/p>\n","protected":false},"excerpt":{"rendered":"\u00c0 Malicounda, le mirage d\u2019un d\u00e9part vers l\u2019Espagne s\u2019est brutalement dissip\u00e9 pour onze candidats \u00e0 l\u2019\u00e9migration clandestine. Dans&hellip;\n","protected":false},"author":2,"featured_media":264,"comment_status":"","ping_status":"","sticky":false,"template":"","format":"standard","meta":{"footnotes":""},"categories":[48],"tags":[64,274,279,273,277,278,271,281,283,272,280,276,275,159,282],"class_list":{"0":"post-263","1":"post","2":"type-post","3":"status-publish","4":"format-standard","5":"has-post-thumbnail","7":"category-senegal","8":"tag-afrique","9":"tag-aliou-cisse","10":"tag-amadou-ba","11":"tag-apr","12":"tag-bassirou-diomaye-faye","13":"tag-bathelemy-dias","14":"tag-dakar","15":"tag-el-malick-ndiaye","16":"tag-guy-marius-sagna","17":"tag-macky-sall","18":"tag-madiambal-diagne","19":"tag-ousmane-sonko","20":"tag-pastef","21":"tag-senegal","22":"tag-ziguinchor"},"share_on_mastodon":{"url":"","error":""},"_links":{"self":[{"href":"https:\/\/www.europesays.com\/africa\/wp-json\/wp\/v2\/posts\/263","targetHints":{"allow":["GET"]}}],"collection":[{"href":"https:\/\/www.europesays.com\/africa\/wp-json\/wp\/v2\/posts"}],"about":[{"href":"https:\/\/www.europesays.com\/africa\/wp-json\/wp\/v2\/types\/post"}],"author":[{"embeddable":true,"href":"https:\/\/www.europesays.com\/africa\/wp-json\/wp\/v2\/users\/2"}],"replies":[{"embeddable":true,"href":"https:\/\/www.europesays.com\/africa\/wp-json\/wp\/v2\/comments?post=263"}],"version-history":[{"count":0,"href":"https:\/\/www.europesays.com\/africa\/wp-json\/wp\/v2\/posts\/263\/revisions"}],"wp:featuredmedia":[{"embeddable":true,"href":"https:\/\/www.europesays.com\/africa\/wp-json\/wp\/v2\/media\/264"}],"wp:attachment":[{"href":"https:\/\/www.europesays.com\/africa\/wp-json\/wp\/v2\/media?parent=263"}],"wp:term":[{"taxonomy":"category","embeddable":true,"href":"https:\/\/www.europesays.com\/africa\/wp-json\/wp\/v2\/categories?post=263"},{"taxonomy":"post_tag","embeddable":true,"href":"https:\/\/www.europesays.com\/africa\/wp-json\/wp\/v2\/tags?post=263"}],"curies":[{"name":"wp","href":"https:\/\/api.w.org\/{rel}","templated":true}]}}