{"id":26435,"date":"2026-01-16T05:29:29","date_gmt":"2026-01-16T05:29:29","guid":{"rendered":"https:\/\/www.europesays.com\/africa\/26435\/"},"modified":"2026-01-16T05:29:29","modified_gmt":"2026-01-16T05:29:29","slug":"decazeville-loutil-en-main-recherche-des-professionnels-pour-epauler-les-jeunes","status":"publish","type":"post","link":"https:\/\/www.europesays.com\/africa\/26435\/","title":{"rendered":"Decazeville. L\u2019Outil en main recherche des professionnels pour \u00e9pauler les jeunes"},"content":{"rendered":"<p>\n                                                                    l&#8217;essentiel<br \/>\n                                                                Les jeunes sont nombreux \u00e0 s\u2019initier aux m\u00e9tiers manuels, aussi il faut des accompagnateurs pour les guider.\n                            <\/p>\n<p>L\u2019Outil en main, association d\u2019int\u00e9r\u00eat g\u00e9n\u00e9ral, qui transmet aux jeunes de 9 \u00e0 14 ans le go\u00fbt des m\u00e9tiers manuels, d\u2019artisanat et du patrimoine, s\u2019active tous les mercredis apr\u00e8s-midi en p\u00e9riode scolaire, de 14 heures \u00e0 16 heures, au coll\u00e8ge Paul Ramadier.<\/p>\n<p>Au fil des ans, le nombre d\u2019enfants a augment\u00e9, se montant \u00e0 23 pour cette ann\u00e9e scolaire 2025-26.<\/p>\n<p>&#8220;Dans l\u2019id\u00e9al, il faudrait un accompagnateur par jeune. Depuis la rentr\u00e9e de septembre, nous avons eu 2 &#8220;recrues&#8221; et nous sommes d\u00e9sormais 22 gens de m\u00e9tier. Mais il faudrait que l\u2019on se renforce car nous ne sommes pas forc\u00e9ment pr\u00e9sents tous les mercredis. Trois ou quatre personnes suppl\u00e9mentaires compl\u00e9teraient notre \u00e9quipe&#8221;, confie Didier P\u00e9choultres, vice-pr\u00e9sident de l\u2019association.<\/p>\n<p>L\u2019Outil en main de Decazeville propose divers ateliers et font r\u00e9aliser \u00e0 leurs petits prot\u00e9g\u00e9s des ouvrages de leur main. Au fil des semaines, les jeunes d\u00e9couvrent \u00e0 tour de r\u00f4le les m\u00e9tiers suivants : \u00e9lectricit\u00e9, plomberie, soudure\/m\u00e9tallurgie, taille de pierre\/ma\u00e7onnerie, peinture, menuiserie\/tournage sur bois, m\u00e9canique mat\u00e9riel thermique (auto, moto, tron\u00e7onneuse, etc.), cuisine, couture, mara\u00eechage, tapissier\/d\u00e9corateur. Certains d\u2019entre eux y trouveront peut-\u00eatre une vocation.<\/p>\n<p>Menuisiers et potiers sont demand\u00e9s<\/p>\n<p>Parmi les demandes, ces b\u00e9n\u00e9voles initiateurs recherchent au plus vite un menuisier et un potier car l\u2019association a fait l\u2019acquisition d\u2019un four \u00e0 poterie. Une personne ma\u00eetrisant le travail assist\u00e9 par ordinateur (CAO) serait aussi bien accueillie. Toutefois, les autres corps de m\u00e9tiers seront les bienvenus.<\/p>\n<p>&#8220;Il suffit d\u2019avoir une passion ou une exp\u00e9rience manuelle, avoir envie de la transmettre. Il ne faut pas \u00eatre n\u00e9cessairement \u00e0 la retraite mais se montrer disponible le mercredi apr\u00e8s-midi. Cela s\u2019adresse \u00e0 des artisans, commer\u00e7ants et \u00e0 des cr\u00e9ateurs au sens large qui guideront les jeunes avec bienveillance&#8221;, compl\u00e8te le pr\u00e9sident Bernard Monm\u00e9jac.<\/p>\n<p>Contacts : 06 08 63 31 32 (Bernard) ou 06 75 10 68 14 (Didier).<\/p>\n","protected":false},"excerpt":{"rendered":"l&#8217;essentiel Les jeunes sont nombreux \u00e0 s\u2019initier aux m\u00e9tiers manuels, aussi il faut des accompagnateurs pour les guider.&hellip;\n","protected":false},"author":2,"featured_media":26436,"comment_status":"","ping_status":"","sticky":false,"template":"","format":"standard","meta":{"footnotes":""},"categories":[48],"tags":[16133,16227,2686,159,16228],"class_list":{"0":"post-26435","1":"post","2":"type-post","3":"status-publish","4":"format-standard","5":"has-post-thumbnail","7":"category-senegal","8":"tag-aveyron","9":"tag-decazeville","10":"tag-france-monde","11":"tag-senegal","12":"tag-u00c9ducation"},"share_on_mastodon":{"url":"","error":""},"_links":{"self":[{"href":"https:\/\/www.europesays.com\/africa\/wp-json\/wp\/v2\/posts\/26435","targetHints":{"allow":["GET"]}}],"collection":[{"href":"https:\/\/www.europesays.com\/africa\/wp-json\/wp\/v2\/posts"}],"about":[{"href":"https:\/\/www.europesays.com\/africa\/wp-json\/wp\/v2\/types\/post"}],"author":[{"embeddable":true,"href":"https:\/\/www.europesays.com\/africa\/wp-json\/wp\/v2\/users\/2"}],"replies":[{"embeddable":true,"href":"https:\/\/www.europesays.com\/africa\/wp-json\/wp\/v2\/comments?post=26435"}],"version-history":[{"count":0,"href":"https:\/\/www.europesays.com\/africa\/wp-json\/wp\/v2\/posts\/26435\/revisions"}],"wp:featuredmedia":[{"embeddable":true,"href":"https:\/\/www.europesays.com\/africa\/wp-json\/wp\/v2\/media\/26436"}],"wp:attachment":[{"href":"https:\/\/www.europesays.com\/africa\/wp-json\/wp\/v2\/media?parent=26435"}],"wp:term":[{"taxonomy":"category","embeddable":true,"href":"https:\/\/www.europesays.com\/africa\/wp-json\/wp\/v2\/categories?post=26435"},{"taxonomy":"post_tag","embeddable":true,"href":"https:\/\/www.europesays.com\/africa\/wp-json\/wp\/v2\/tags?post=26435"}],"curies":[{"name":"wp","href":"https:\/\/api.w.org\/{rel}","templated":true}]}}