{"id":26437,"date":"2026-01-16T05:30:06","date_gmt":"2026-01-16T05:30:06","guid":{"rendered":"https:\/\/www.europesays.com\/africa\/26437\/"},"modified":"2026-01-16T05:30:06","modified_gmt":"2026-01-16T05:30:06","slug":"samuel-etoo-sanctionne-pour-mauvaise-conduite-apres-le-quart-de-finale-maroc-cameroun","status":"publish","type":"post","link":"https:\/\/www.europesays.com\/africa\/26437\/","title":{"rendered":"Samuel Eto&#8217;o sanctionn\u00e9 pour &#8220;mauvaise conduite&#8221; apr\u00e8s le quart de finale Maroc-Cameroun"},"content":{"rendered":"<p>Samuel Eto&#8217;o, pr\u00e9sident de la F\u00e9d\u00e9ration camerounaise de football, a \u00e9cop\u00e9 de quatre matchs de suspension par la Conf\u00e9d\u00e9ration africaine de football (CAF) pour son comportement apr\u00e8s le quart de finale perdu contre le Maroc (2-0).<\/p>\n<p><a href=\"https:\/\/rmcsport.bfmtv.com\/football\/coupe-d-afrique-des-nations\/can-2025-il-avait-raison-la-revanche-tres-politique-de-samuel-eto-o-grace-au-parcours-du-cameroun_AV-202601050463.html\" title=\"CAN 2025: &quot;Il avait raison&quot;, la revanche tr\u00e8s politique de Samuel Eto&#039;o gr\u00e2ce au parcours du Cameroun\" class=\"internal_link\" rel=\"nofollow noopener\" target=\"_blank\">Samuel Eto&#8217;o<\/a> sanctionn\u00e9. Le pr\u00e9sident de la F\u00e9d\u00e9ration camerounaise de football et ancien attaquant vedette a \u00e9cop\u00e9 de quatre matches de suspension, pendant lesquels il sera priv\u00e9 d&#8217;acc\u00e8s au stade, &#8220;pour mauvaise conduite&#8221; lors du quart de finale de la CAN entre le Maroc et le Cameroun, a annonc\u00e9 la CAF jeudi.<\/p>\n<p>Une d\u00e9cision &#8220;d\u00e9pourvue de toute motivation explicite&#8221;, d\u00e9plore la Fecafoot<\/p>\n<p>La Conf\u00e9d\u00e9ration africaine de football (CAF) a inflig\u00e9 \u00e9galement une amende de 20.000 dollars (environ 17.200 euros) \u00e0 Samuel Eto&#8217;o, &#8220;coupable de violation des principes de fair-play&#8221;, sanctionnant &#8220;son comportement&#8221; lors du quart de la Coupe d&#8217;Afrique des nations perdu par le Cameroun face au pays h\u00f4te (2-0), le 9 janvier, pr\u00e9cise l&#8217;instance dans un communiqu\u00e9.<\/p>\n<p>Avant m\u00eame l&#8217;officialisation de la d\u00e9cision, la f\u00e9d\u00e9ration camerounaise, la Fecafoot, a d\u00e9nonc\u00e9 dans un communiqu\u00e9 sur ses r\u00e9seaux sociaux une d\u00e9cision &#8220;d\u00e9pourvue de toute motivation explicite&#8221;. Film\u00e9 durant la partie, l&#8217;ancien attaquant, 44 ans, s&#8217;\u00e9tait visiblement agac\u00e9 des d\u00e9cisions arbitrales, notamment un p\u00e9nalty non siffl\u00e9 apr\u00e8s une faute dans la surface contre l&#8217;attaquant camerounais Bryan Mbeumo.<\/p>\n<p>Plusieurs quarts de finale avaient \u00e9t\u00e9 <a href=\"https:\/\/rmcsport.bfmtv.com\/football\/coupe-d-afrique-des-nations\/can-2025-joueurs-staffs-journalistes-la-caf-ouvre-des-enquetes-apres-des-incidents-en-marge-d-algerie-nigeria-et-de-cameroun-maroc_AV-202601120573.html\" title=\"CAN 2025: joueurs, staffs, journalistes... la CAF ouvre des enqu\u00eates apr\u00e8s des incidents en marge d&#039;Alg\u00e9rie-Nigeria et de Cameroun-Maroc\" class=\"internal_link\" rel=\"nofollow noopener\" target=\"_blank\">le th\u00e9\u00e2tre de d\u00e9bordements<\/a>. La CAF avait ainsi saisi son Conseil de discipline en raison du &#8220;comportement potentiellement inacceptable de la part de certains joueurs et officiels&#8221; des matchs Cameroun-Maroc et Alg\u00e9rie-Nigeria. &#8220;La CAF a saisi le Conseil de discipline pour enqu\u00eate et a demand\u00e9 que des mesures appropri\u00e9es soient prises si les personnes identifi\u00e9es \u00e9taient reconnues coupables d&#8217;actes r\u00e9pr\u00e9hensibles, a pr\u00e9cis\u00e9 l&#8217;instance. La CAF examine \u00e9galement les images d&#8217;un incident impliquant des membres des m\u00e9dias qui auraient eu un comportement inappropri\u00e9 dans la zone mixte&#8221;, avait d\u00e9clar\u00e9 l&#8217;instance au sujet de d\u00e9bordements apr\u00e8s la rencontre Nigeria-Alg\u00e9rie.<\/p>\n","protected":false},"excerpt":{"rendered":"Samuel Eto&#8217;o, pr\u00e9sident de la F\u00e9d\u00e9ration camerounaise de football, a \u00e9cop\u00e9 de quatre matchs de suspension par la&hellip;\n","protected":false},"author":2,"featured_media":26438,"comment_status":"","ping_status":"","sticky":false,"template":"","format":"standard","meta":{"footnotes":""},"categories":[41],"tags":[158],"class_list":{"0":"post-26437","1":"post","2":"type-post","3":"status-publish","4":"format-standard","5":"has-post-thumbnail","7":"category-maroc","8":"tag-maroc"},"share_on_mastodon":{"url":"","error":""},"_links":{"self":[{"href":"https:\/\/www.europesays.com\/africa\/wp-json\/wp\/v2\/posts\/26437","targetHints":{"allow":["GET"]}}],"collection":[{"href":"https:\/\/www.europesays.com\/africa\/wp-json\/wp\/v2\/posts"}],"about":[{"href":"https:\/\/www.europesays.com\/africa\/wp-json\/wp\/v2\/types\/post"}],"author":[{"embeddable":true,"href":"https:\/\/www.europesays.com\/africa\/wp-json\/wp\/v2\/users\/2"}],"replies":[{"embeddable":true,"href":"https:\/\/www.europesays.com\/africa\/wp-json\/wp\/v2\/comments?post=26437"}],"version-history":[{"count":0,"href":"https:\/\/www.europesays.com\/africa\/wp-json\/wp\/v2\/posts\/26437\/revisions"}],"wp:featuredmedia":[{"embeddable":true,"href":"https:\/\/www.europesays.com\/africa\/wp-json\/wp\/v2\/media\/26438"}],"wp:attachment":[{"href":"https:\/\/www.europesays.com\/africa\/wp-json\/wp\/v2\/media?parent=26437"}],"wp:term":[{"taxonomy":"category","embeddable":true,"href":"https:\/\/www.europesays.com\/africa\/wp-json\/wp\/v2\/categories?post=26437"},{"taxonomy":"post_tag","embeddable":true,"href":"https:\/\/www.europesays.com\/africa\/wp-json\/wp\/v2\/tags?post=26437"}],"curies":[{"name":"wp","href":"https:\/\/api.w.org\/{rel}","templated":true}]}}