{"id":265,"date":"2026-01-03T12:32:13","date_gmt":"2026-01-03T12:32:13","guid":{"rendered":"https:\/\/www.europesays.com\/africa\/265\/"},"modified":"2026-01-03T12:32:13","modified_gmt":"2026-01-03T12:32:13","slug":"apres-la-can-et-la-coupe-du-monde-une-nouvelle-competition-xxl-au-maroc","status":"publish","type":"post","link":"https:\/\/www.europesays.com\/africa\/265\/","title":{"rendered":"Apr\u00e8s la CAN et la Coupe du Monde, une nouvelle comp\u00e9tition XXL au Maroc ?"},"content":{"rendered":"<p>Le Maroc, terre d&#8217;accueil des plus grandes comp\u00e9titions ! Depuis deux semaines, les plus grandes nations du continent africain ont pris rendez-vous au Maroc pour disputer la Coupe d&#8217;Afrique des Nations. Et si r\u00e9guli\u00e8rement par le pass\u00e9, les installations dans les diff\u00e9rents pays ont pu \u00eatre critiqu\u00e9es, \u00e7a n&#8217;est pas le cas ici.<\/p>\n<p>Au contraire, tous les joueurs, s\u00e9lectionneurs, et m\u00eame les supporters mettent en avant la qualit\u00e9 des infrastructures dignes des plus grandes nations du monde. On comprend mieux pourquoi le pays va aussi accueillir la Coupe du Monde en 2030 en compagnie du Portugal et de l&#8217;Espagne.<\/p>\n<p>\u00c0 lire aussiUn doubl\u00e9 mondial pour le Maroc ?<\/p>\n<p>Mais visiblement, les ambitions du royaume ne s&#8217;arr\u00eatent pas l\u00e0. Comme le d\u00e9voile le m\u00e9dia local\u00a0<a href=\"https:\/\/ledesk.ma\/enoff\/le-maroc-pressenti-pour-accueillir-la-coupe-du-monde-des-clubs-fifa-2029\/\" rel=\"nofollow noopener\" target=\"_blank\">LeDesk<\/a>,\u00a0le pays \u00e9tudie d\u00e9sormais la possibilit\u00e9 d&#8217;accueillir&#8230; la Coupe du Monde des Clubs en 2029 ! Cette comp\u00e9tition, d\u00e9sormais organis\u00e9e tous les quatre ans sous la forme d&#8217;un tournoi, appara\u00eet comme un nouveau rendez-vous majeur du calendrier.<\/p>\n<p>Cet \u00e9t\u00e9, les \u00c9tats-Unis ont accueilli la premi\u00e8re \u00e9dition servant d&#8217;une pr\u00e9paration \u00e0 grande \u00e9chelle pour la &#8220;vraie&#8221; Coupe du Monde en 2026. Pour le Maroc, le projet pourrait \u00eatre le m\u00eame. Accueillir la Coupe du Monde des Clubs en 2029, puis la Coupe du Monde des pays en 2030, un doubl\u00e9 pour faire du royaume une des places fortes du football mondial.<\/p>\n<p>   Partagez cette info avec vos amis et vos proches en cliquant ici<br \/> Pour r\u00e9sumer<\/p>\n<p>Le Maroc, acclam\u00e9 pour ses infrastructures lors de la CAN 2025, vise d\u00e9sormais l\u2019organisation de la Coupe du Monde des Clubs 2029, avant d\u2019accueillir la Coupe du Monde 2030 avec l\u2019Espagne et le Portugal. Un double projet pour s\u2019imposer comme une puissance footballistique.<\/p>\n<p>R\u00e9dacteur<\/p>\n<p><img decoding=\"async\" width=\"76\" height=\"76\" loading=\"lazy\" src=\"https:\/\/www.europesays.com\/africa\/wp-content\/uploads\/2026\/01\/logo-antoine-chirat.jpg\" alt=\"Antoine Chirat\"\/><\/p>\n","protected":false},"excerpt":{"rendered":"Le Maroc, terre d&#8217;accueil des plus grandes comp\u00e9titions ! Depuis deux semaines, les plus grandes nations du continent&hellip;\n","protected":false},"author":2,"featured_media":266,"comment_status":"","ping_status":"","sticky":false,"template":"","format":"standard","meta":{"footnotes":""},"categories":[41],"tags":[360,361,158],"class_list":{"0":"post-265","1":"post","2":"type-post","3":"status-publish","4":"format-standard","5":"has-post-thumbnail","7":"category-maroc","8":"tag-can","9":"tag-coupe-du-monde","10":"tag-maroc"},"share_on_mastodon":{"url":"","error":""},"_links":{"self":[{"href":"https:\/\/www.europesays.com\/africa\/wp-json\/wp\/v2\/posts\/265","targetHints":{"allow":["GET"]}}],"collection":[{"href":"https:\/\/www.europesays.com\/africa\/wp-json\/wp\/v2\/posts"}],"about":[{"href":"https:\/\/www.europesays.com\/africa\/wp-json\/wp\/v2\/types\/post"}],"author":[{"embeddable":true,"href":"https:\/\/www.europesays.com\/africa\/wp-json\/wp\/v2\/users\/2"}],"replies":[{"embeddable":true,"href":"https:\/\/www.europesays.com\/africa\/wp-json\/wp\/v2\/comments?post=265"}],"version-history":[{"count":0,"href":"https:\/\/www.europesays.com\/africa\/wp-json\/wp\/v2\/posts\/265\/revisions"}],"wp:featuredmedia":[{"embeddable":true,"href":"https:\/\/www.europesays.com\/africa\/wp-json\/wp\/v2\/media\/266"}],"wp:attachment":[{"href":"https:\/\/www.europesays.com\/africa\/wp-json\/wp\/v2\/media?parent=265"}],"wp:term":[{"taxonomy":"category","embeddable":true,"href":"https:\/\/www.europesays.com\/africa\/wp-json\/wp\/v2\/categories?post=265"},{"taxonomy":"post_tag","embeddable":true,"href":"https:\/\/www.europesays.com\/africa\/wp-json\/wp\/v2\/tags?post=265"}],"curies":[{"name":"wp","href":"https:\/\/api.w.org\/{rel}","templated":true}]}}