{"id":2659,"date":"2026-01-04T12:15:06","date_gmt":"2026-01-04T12:15:06","guid":{"rendered":"https:\/\/www.europesays.com\/africa\/2659\/"},"modified":"2026-01-04T12:15:06","modified_gmt":"2026-01-04T12:15:06","slug":"record-pour-ibrahim-mbaye-can-2025-8es-senegal-soudan-3-1","status":"publish","type":"post","link":"https:\/\/www.europesays.com\/africa\/2659\/","title":{"rendered":"Record pour Ibrahim Mbaye &#8211; CAN 2025 &#8211; 8es &#8211; S\u00e9n\u00e9gal-Soudan (3-1)"},"content":{"rendered":"<p>Qu\u2019Ibrahim Mbaye brille durant la Coupe d\u2019Afrique des nations, <a target=\"_blank\" href=\"https:\/\/www.sofoot.com\/articles\/can-2025-avant-benin-senegal-ibrahim-mbaye-psg-saffirme-de-plus-en-plus\" rel=\"nofollow noopener\">c\u2019\u00e9tait pr\u00e9vu<\/a>.<\/p>\n<p>En huiti\u00e8mes de finale de la comp\u00e9tition, durant lesquelles <a target=\"_blank\" href=\"https:\/\/www.sofoot.com\/breves\/coupe-dafrique-des-nations-pape-gueye-envoie-le-senegal-en-quarts-de-finale-avec-un-double-contre-le-soudan\" rel=\"nofollow noopener\">le S\u00e9n\u00e9gal s\u2019est qualifi\u00e9 en quarts suite \u00e0 sa victoire plut\u00f4t ma\u00eetris\u00e9 contre le Soudan<\/a>, le joueur du Paris Saint-Germain s\u2019est donc illustr\u00e9 en inscrivant le dernier but de la rencontre \u00e0 la 77e minute. Suffisant pour \u00e9tablir un record, et s\u2019approcher d\u2019un autre.<\/p>\n<p>Gr\u00e2ce \u00e0 cette r\u00e9alisation, le joueur de dix-sept ans (et 344 jours) est ainsi devenu le plus jeune buteur de l\u2019histoire de sa nation dans le tournoi et le deuxi\u00e8me plus jeune buteur dans l\u2019\u00e9preuve tout court depuis\u00a0Shiva N\u2019Zigou (dix-sept bougies et 91 jours quand il a marqu\u00e9 avec le Gabon contre l\u2019Afrique du Sud, le 23 janvier 2000).<\/p>\n<p>Un nouveau chiffre de jouvence contre le Mali ?<\/p>\n<p>\t\t\t\t\t\t\t\t\t\t<a class=\"lien-connexe\" href=\"https:\/\/www.sofoot.com\/breves\/coupe-dafrique-des-nations-pape-gueye-envoie-le-senegal-en-quarts-de-finale-avec-un-double-contre-le-soudan\" rel=\"nofollow noopener\" target=\"_blank\">CAN\u202f: Pape Gueye envoie le S\u00e9n\u00e9gal en quarts<\/a>\t\t\t\t\t<\/p>\n","protected":false},"excerpt":{"rendered":"Qu\u2019Ibrahim Mbaye brille durant la Coupe d\u2019Afrique des nations, c\u2019\u00e9tait pr\u00e9vu. En huiti\u00e8mes de finale de la comp\u00e9tition,&hellip;\n","protected":false},"author":2,"featured_media":2660,"comment_status":"","ping_status":"","sticky":false,"template":"","format":"standard","meta":{"footnotes":""},"categories":[48],"tags":[1213,1211,1219,1215,1214,311,1218,1216,1212,1080,159,1217],"class_list":{"0":"post-2659","1":"post","2":"type-post","3":"status-publish","4":"format-standard","5":"has-post-thumbnail","7":"category-senegal","8":"tag-actualite","9":"tag-actus-football","10":"tag-bundesliga","11":"tag-championnats-europeens","12":"tag-equipe-de-france","13":"tag-football","14":"tag-ligua","15":"tag-ligue-1","16":"tag-news-foot","17":"tag-premier-league","18":"tag-senegal","19":"tag-serie-a"},"share_on_mastodon":{"url":"","error":""},"_links":{"self":[{"href":"https:\/\/www.europesays.com\/africa\/wp-json\/wp\/v2\/posts\/2659","targetHints":{"allow":["GET"]}}],"collection":[{"href":"https:\/\/www.europesays.com\/africa\/wp-json\/wp\/v2\/posts"}],"about":[{"href":"https:\/\/www.europesays.com\/africa\/wp-json\/wp\/v2\/types\/post"}],"author":[{"embeddable":true,"href":"https:\/\/www.europesays.com\/africa\/wp-json\/wp\/v2\/users\/2"}],"replies":[{"embeddable":true,"href":"https:\/\/www.europesays.com\/africa\/wp-json\/wp\/v2\/comments?post=2659"}],"version-history":[{"count":0,"href":"https:\/\/www.europesays.com\/africa\/wp-json\/wp\/v2\/posts\/2659\/revisions"}],"wp:featuredmedia":[{"embeddable":true,"href":"https:\/\/www.europesays.com\/africa\/wp-json\/wp\/v2\/media\/2660"}],"wp:attachment":[{"href":"https:\/\/www.europesays.com\/africa\/wp-json\/wp\/v2\/media?parent=2659"}],"wp:term":[{"taxonomy":"category","embeddable":true,"href":"https:\/\/www.europesays.com\/africa\/wp-json\/wp\/v2\/categories?post=2659"},{"taxonomy":"post_tag","embeddable":true,"href":"https:\/\/www.europesays.com\/africa\/wp-json\/wp\/v2\/tags?post=2659"}],"curies":[{"name":"wp","href":"https:\/\/api.w.org\/{rel}","templated":true}]}}