{"id":26749,"date":"2026-01-16T09:05:07","date_gmt":"2026-01-16T09:05:07","guid":{"rendered":"https:\/\/www.europesays.com\/africa\/26749\/"},"modified":"2026-01-16T09:05:07","modified_gmt":"2026-01-16T09:05:07","slug":"sadio-mane-le-guide-du-senegal-a-laube-de-sa-derniere-mission-sur-le-continent-avant-la-finale-contre-le-maroc","status":"publish","type":"post","link":"https:\/\/www.europesays.com\/africa\/26749\/","title":{"rendered":"Sadio Man\u00e9, le guide du S\u00e9n\u00e9gal \u00e0 l&#8217;aube de sa derni\u00e8re mission sur le continent avant la finale contre le Maroc"},"content":{"rendered":"<p class=\"article-p mdl\">M\u00eame sans ses jambes de vingt ans, il reste le facteur X du S\u00e9n\u00e9gal. \u00c0 33 ans,\u00a0<a class=\"link\" href=\"https:\/\/www.rtl.fr\/sport\/football\/video-sadio-mane-marque-le-triple-le-plus-rapide-de-l-histoire-de-la-premier-league-7778384361\" title=\"VID\u00c9O - Sadio Man\u00e9 marque le tripl\u00e9 le plus rapide de l&#039;histoire de la Premier League\" rel=\"nofollow noopener\" target=\"_blank\">Sadio Man\u00e9<\/a>\u00a0est toujours aussi pr\u00e9cieux pour les Lions de la Teranga, qu&#8217;il entend mener vers un deuxi\u00e8me sacre en quatre ans \u00e0 l&#8217;issue de la finale de la\u00a0<a class=\"link\" href=\"https:\/\/www.rtl.fr\/sport\/football\/can-un-supporter-de-l-algerie-arrete-apres-avoir-dechire-des-billets-de-banque-marocains-par-provocation-7900588495\" title=\"CAN : un supporter de l\u2019Alg\u00e9rie arr\u00eat\u00e9 apr\u00e8s avoir d\u00e9chir\u00e9 des billets de banque marocains par provocation\" rel=\"nofollow noopener\" target=\"_blank\">Coupe d&#8217;Afrique des nations<\/a>\u00a0contre\u00a0<a class=\"link\" href=\"https:\/\/www.rtl.fr\/sport\/football\/la-can-un-crash-test-comment-le-maroc-s-affirme-sur-la-scene-internationale-grace-a-ses-investissements-dans-le-football-7900579709\" title=\"CAN 2025, &quot;un crash test&quot; : comment le Maroc s&#039;affirme sur la sc\u00e8ne internationale gr\u00e2ce \u00e0 ses investissements dans le football\" rel=\"nofollow noopener\" target=\"_blank\">un Maroc \u00e0 domicile<\/a>, dimanche 18 janvier (20h, en clair sur M6) dans un stade Prince Moulay\u00a0Abdellah\u00a0de Rabat, qui promet d&#8217;\u00eatre aussi comble que bruyant.<\/p>\n<p class=\"article-p mdl\"><a class=\"link\" href=\"https:\/\/www.rtl.fr\/sport\/football\/can-2026-le-maroc-affrontera-le-senegal-en-finale-de-la-competition-apres-sa-victoire-face-au-nigeria-aux-tirs-au-but-7900588693\" title=\"CAN : le Maroc affrontera le S\u00e9n\u00e9gal en finale de la comp\u00e9tition apr\u00e8s sa victoire face au Nigeria aux tirs au but\" rel=\"nofollow noopener\" target=\"_blank\">En demi-finale contre l&#8217;\u00c9gypte<\/a>\u00a0de son ex-co\u00e9quipier \u00e0 Liverpool Mohamed Salah, l&#8217;ailier gauche a sorti sa tani\u00e8re d&#8217;un bourbier annonc\u00e9 contre un adversaire rugueux, qui adore \u00e9tirer les matchs en prolongation, en marquant l&#8217;unique but &#8211; &#8220;un peu chanceux&#8221; &#8211; de la partie, d&#8217;une frappe lointaine parfaitement plac\u00e9e \u00e0 dix minutes de la fin (1-0). Sa deuxi\u00e8me r\u00e9alisation du tournoi, apr\u00e8s celle inscrite pour \u00e9galiser contre la RD Congo en phase de groupes (1-1).<\/p>\n<p class=\"article-p mdl\">Preuve que le partenaire de Cristiano Ronaldo au\u00a0<a class=\"link\" href=\"https:\/\/www.rtl.fr\/sport\/football\/football-qui-est-zack-nani-le-youtubeur-qui-va-diffuser-gratuitement-les-matchs-de-saudi-pro-league-7900529800\" title=\"Football : qui est Zack Nani, le youtubeur qui va diffuser gratuitement les matchs de Saudi Pro League ?\" rel=\"nofollow noopener\" target=\"_blank\">club saoudien d&#8217;Al-Nassr<\/a>\u00a0n&#8217;est pas du genre \u00e0 se cacher quand le niveau s&#8217;\u00e9l\u00e8ve. En plus de ses deux buts, il a d\u00e9livr\u00e9 trois passes d\u00e9cisives cet hiver, devenant le meilleur passeur de l&#8217;histoire de la comp\u00e9tition &#8220;la plus compliqu\u00e9e du monde&#8221; (neuf au total, devant l&#8217;Ivoirien Yaya Tour\u00e9), selon ses dires. Et ce, malgr\u00e9 trois finales atteintes sur les quatre derni\u00e8res \u00e9ditions pour lui.<\/p>\n<p class=\"article-p mdl\">Sadio Man\u00e9 a confort\u00e9 \u00e9galement son record honorifique de joueur le plus d\u00e9cisif de l&#8217;histoire de la CAN, combinant ses buts (11) et ses passes (9), devant Mohamed Salah (11 buts et 5 passes). &#8220;Mais si je ne marque pas, ce n&#8217;est pas important, a estim\u00e9 le num\u00e9ro 10 apr\u00e8s la victoire, mercredi. Le plus important pour moi, c&#8217;est que le S\u00e9n\u00e9gal gagne \u00e0 chaque fois. Je suis un soldat de la nation. J&#8217;essaie de me donner tous les jours \u00e0 fond, que ce soit en entra\u00eenement ou au match&#8221;.<\/p>\n<p>            &#8220;Mention sp\u00e9ciale \u00e0 notre monument&#8221;<\/p>\n<p class=\"article-p mdl\">Celui qui avait d\u00e9j\u00e0 referm\u00e9 le sarcophage des Pharaons en\u00a0<a class=\"link\" href=\"https:\/\/www.rtl.fr\/sport\/football\/can-2022-le-senegal-l-emporte-pour-la-premiere-fois-aux-depens-de-l-egypte-7900121957\" title=\"CAN 2022 : le S\u00e9n\u00e9gal l&#039;emporte pour la premi\u00e8re fois, aux d\u00e9pens de l&#039;Egypte\" rel=\"nofollow noopener\" target=\"_blank\">finale de la CAN en f\u00e9vrier 2022<\/a>, puis lors du barrages de qualification au Mondial de la m\u00eame ann\u00e9e, transformant \u00e0 chaque fois un tir au but vainqueur, esp\u00e8re d\u00e9sormais finir en beaut\u00e9. Car si la rel\u00e8ve semble d\u00e9j\u00e0 pr\u00eate au sein du groupe s\u00e9n\u00e9galais, entre le Parisien\u00a0<a class=\"link\" href=\"https:\/\/www.rtl.fr\/sport\/football\/il-faut-bien-le-couvrir-c-est-un-joyau-ibrahim-mbaye-titi-du-psg-et-supersub-d-un-senegal-oppose-a-l-egypte-en-demi-finales-de-la-can-7900588121\" title=\"&quot;Il faut bien le couvrir, c&#039;est un joyau&quot; : Ibrahim Mbaye, titi du PSG et supersub d&#039;un S\u00e9n\u00e9gal oppos\u00e9 \u00e0 l&#039;\u00c9gypte en demi-finales de la CAN\" rel=\"nofollow noopener\" target=\"_blank\">Ibrahim Mbaye<\/a>, l&#8217;ex-Marseillais Iliman Ndiaye ou encore le Strasbourgeois Mamadou Sarr en d\u00e9fense, cette CAN a rappel\u00e9 qu&#8217;il fallait parfois leur prendre la main pour amener cette \u00e9quipe certes solide, mais moins impressionnante que ces derni\u00e8res ann\u00e9es, vers ses objectifs.<\/p>\n<p class=\"article-p mdl\">&#8220;Comme on est qualifi\u00e9s, je suis tr\u00e8s heureux de pouvoir jouer, pour ma toute derni\u00e8re CAN, une finale avec les Lions. J&#8217;esp\u00e8re la remporter et amener le troph\u00e9e \u00e0 Dakar&#8221;, a annonc\u00e9 le leader en vue de sa derni\u00e8re danse, sachant que la suspension en finale du capitaine Kalidou Koulibaly renforcera encore son r\u00f4le omnipotent.<\/p>\n<p class=\"article-p mdl\">&#8220;Mention sp\u00e9ciale \u00e0 notre monument. On a besoin de Sadio Man\u00e9, le S\u00e9n\u00e9gal a besoin de lui. Il l&#8217;a encore montr\u00e9 ce soir. Esp\u00e9rons qu&#8217;on aura encore des ann\u00e9es avec lui, parce qu&#8217;un monsieur comme celui-l\u00e0, on en trouve pas tout le temps&#8221;, lui a rendu hommage son s\u00e9lectionneur Pape Thiaw, affirmant vouloir encore compter sur lui un moment.<\/p>\n<p class=\"article-p mdl\">Avant sa fort probable derni\u00e8re dans son tournoi de pr\u00e9dilection, et m\u00eame s&#8217;il n&#8217;arrivait pas \u00e0 faire briller le S\u00e9n\u00e9gal \u00e0 la Coupe du monde l&#8217;\u00e9t\u00e9 prochain (dans le groupe de la France, de la Norv\u00e8ge et probablement de l&#8217;Irak), Sadio Man\u00e9 a un statut de l\u00e9gende du foot africain \u00e0 d\u00e9finitivement ent\u00e9riner \u00e0 l&#8217;issue d&#8217;une finale de r\u00eave entre\u00a0<a class=\"link\" href=\"https:\/\/www.rtl.fr\/sport\/football\/maroc-senegal-egypte-algerie-le-barometre-des-favoris-de-la-can-7900579714\" title=\"Maroc, S\u00e9n\u00e9gal, \u00c9gypte, Alg\u00e9rie : le barom\u00e8tre des favoris de la CAN\" rel=\"nofollow noopener\" target=\"_blank\">les deux favoris annonc\u00e9s de la CAN<\/a>.<\/p>\n<p>    La r\u00e9daction vous recommande<\/p>\n<p class=\"s-newsletter__title\">\n                L\u2019actualit\u00e9 par la r\u00e9daction de RTL dans votre bo\u00eete mail.\n            <\/p>\n<p class=\"s-newsletter__subtitle\">\n                Gr\u00e2ce \u00e0 votre compte RTL abonnez-vous \u00e0 la newsletter RTL info pour suivre toute l&#8217;actualit\u00e9 au quotidien\n            <\/p>\n<p>\n                                    Lire la suite\n                                <\/p>\n","protected":false},"excerpt":{"rendered":"M\u00eame sans ses jambes de vingt ans, il reste le facteur X du S\u00e9n\u00e9gal. \u00c0 33 ans,\u00a0Sadio Man\u00e9\u00a0est&hellip;\n","protected":false},"author":2,"featured_media":26750,"comment_status":"","ping_status":"","sticky":false,"template":"","format":"standard","meta":{"footnotes":""},"categories":[48],"tags":[360,295,2146,311,158,159],"class_list":{"0":"post-26749","1":"post","2":"type-post","3":"status-publish","4":"format-standard","5":"has-post-thumbnail","7":"category-senegal","8":"tag-can","9":"tag-fil-info","10":"tag-fil-sport","11":"tag-football","12":"tag-maroc","13":"tag-senegal"},"share_on_mastodon":{"url":"","error":""},"_links":{"self":[{"href":"https:\/\/www.europesays.com\/africa\/wp-json\/wp\/v2\/posts\/26749","targetHints":{"allow":["GET"]}}],"collection":[{"href":"https:\/\/www.europesays.com\/africa\/wp-json\/wp\/v2\/posts"}],"about":[{"href":"https:\/\/www.europesays.com\/africa\/wp-json\/wp\/v2\/types\/post"}],"author":[{"embeddable":true,"href":"https:\/\/www.europesays.com\/africa\/wp-json\/wp\/v2\/users\/2"}],"replies":[{"embeddable":true,"href":"https:\/\/www.europesays.com\/africa\/wp-json\/wp\/v2\/comments?post=26749"}],"version-history":[{"count":0,"href":"https:\/\/www.europesays.com\/africa\/wp-json\/wp\/v2\/posts\/26749\/revisions"}],"wp:featuredmedia":[{"embeddable":true,"href":"https:\/\/www.europesays.com\/africa\/wp-json\/wp\/v2\/media\/26750"}],"wp:attachment":[{"href":"https:\/\/www.europesays.com\/africa\/wp-json\/wp\/v2\/media?parent=26749"}],"wp:term":[{"taxonomy":"category","embeddable":true,"href":"https:\/\/www.europesays.com\/africa\/wp-json\/wp\/v2\/categories?post=26749"},{"taxonomy":"post_tag","embeddable":true,"href":"https:\/\/www.europesays.com\/africa\/wp-json\/wp\/v2\/tags?post=26749"}],"curies":[{"name":"wp","href":"https:\/\/api.w.org\/{rel}","templated":true}]}}