{"id":26751,"date":"2026-01-16T09:06:46","date_gmt":"2026-01-16T09:06:46","guid":{"rendered":"https:\/\/www.europesays.com\/africa\/26751\/"},"modified":"2026-01-16T09:06:46","modified_gmt":"2026-01-16T09:06:46","slug":"la-fnm-et-la-fondation-du-patrimoine-culturel-prussien-signent-une-convention-de-cooperation","status":"publish","type":"post","link":"https:\/\/www.europesays.com\/africa\/26751\/","title":{"rendered":"La FNM et la Fondation du patrimoine culturel prussien signent une convention de coop\u00e9ration"},"content":{"rendered":"<p>La Fondation Nationale des Mus\u00e9es (FNM) et la Fondation du patrimoine culturel prussien (Stiftung Preu\u00dfischer Kulturbesitz \u2013 SPK) ont sign\u00e9, jeudi \u00e0 Rabat, une convention de partenariat visant \u00e0 renforcer la coop\u00e9ration bilat\u00e9rale dans le domaine mus\u00e9al et culturel.<\/p>\n<p>Paraph\u00e9e par le pr\u00e9sident de la FNM, Mehdi Qotbi, et la pr\u00e9sidente de la SPK, Marion Ackermann, cette convention pr\u00e9voit la mise en \u0153uvre de projets communs couvrant les volets scientifique, \u00e9ducatif et culturel, ainsi que l\u2019organisation d\u2019\u00e9v\u00e9nements artistiques conjoints, notamment des expositions temporaires au Maroc et en Allemagne.<\/p>\n<p>Cet accord \u00e9tablit les principes g\u00e9n\u00e9raux d\u2019une coop\u00e9ration fond\u00e9e sur l\u2019\u00e9change d\u2019expertises, la mise en r\u00e9seau des comp\u00e9tences et la valorisation des collections, dans une perspective de promotion du patrimoine en tant que levier de dialogue interculturel, de connaissance mutuelle et de d\u00e9veloppement durable.<\/p>\n<p>S\u2019exprimant \u00e0 cette occasion, M. Qotbi a soulign\u00e9 que ce partenariat ouvre de nouvelles perspectives prometteuses, en particulier dans les domaines des mus\u00e9es, du patrimoine, des sciences et de la culture. Il a pr\u00e9cis\u00e9 que la coop\u00e9ration portera sur l\u2019\u00e9change de savoir-faire \u00e0 travers des programmes de formation en gestion, conservation et restauration mus\u00e9ales, contribuant notamment au renforcement des capacit\u00e9s sur le continent africain.<\/p>\n<p>Le pr\u00e9sident de la FNM a \u00e9galement mis en avant l\u2019importance du d\u00e9veloppement de la recherche sur les collections du patrimoine mat\u00e9riel et immat\u00e9riel, de la promotion de la coop\u00e9ration \u00e9ducative et de la r\u00e9alisation d\u2019expositions conjointes dans les deux pays.<\/p>\n<p>De son c\u00f4t\u00e9, Mme Ackermann a indiqu\u00e9 que cette convention illustre la volont\u00e9 commune de consolider la collaboration culturelle dans les domaines de l\u2019\u00e9ducation, de la recherche et des expositions. Elle a soulign\u00e9 que la force de cette coop\u00e9ration r\u00e9side dans le potentiel des deux Fondations et dans leur capacit\u00e9 \u00e0 d\u00e9velopper, \u00e0 travers leurs mus\u00e9es, des projets artistiques et culturels tourn\u00e9s vers l\u2019avenir.<\/p>\n<p>La convention permettra \u00e9galement d\u2019organiser des \u00e9v\u00e9nements mettant en lumi\u00e8re la richesse des patrimoines marocain et allemand, tout en faisant d\u00e9couvrir au public des \u0153uvres majeures ayant marqu\u00e9 les sc\u00e8nes artistiques des deux pays.<\/p>\n<p>Initi\u00e9e par le Goethe-Institut Marokko, avec le soutien de l\u2019ambassade d\u2019Allemagne au Maroc, cette collaboration s\u2019inscrit dans la continuit\u00e9 d\u2019un dialogue culturel f\u00e9cond et en constante \u00e9volution entre le Royaume du Maroc et la R\u00e9publique f\u00e9d\u00e9rale d\u2019Allemagne.<\/p>\n","protected":false},"excerpt":{"rendered":"La Fondation Nationale des Mus\u00e9es (FNM) et la Fondation du patrimoine culturel prussien (Stiftung Preu\u00dfischer Kulturbesitz \u2013 SPK)&hellip;\n","protected":false},"author":2,"featured_media":26752,"comment_status":"","ping_status":"","sticky":false,"template":"","format":"standard","meta":{"footnotes":""},"categories":[41],"tags":[16401,16402,158,16403],"class_list":{"0":"post-26751","1":"post","2":"type-post","3":"status-publish","4":"format-standard","5":"has-post-thumbnail","7":"category-maroc","8":"tag-cooperation-culturelle","9":"tag-fnm","10":"tag-maroc","11":"tag-spk"},"share_on_mastodon":{"url":"","error":""},"_links":{"self":[{"href":"https:\/\/www.europesays.com\/africa\/wp-json\/wp\/v2\/posts\/26751","targetHints":{"allow":["GET"]}}],"collection":[{"href":"https:\/\/www.europesays.com\/africa\/wp-json\/wp\/v2\/posts"}],"about":[{"href":"https:\/\/www.europesays.com\/africa\/wp-json\/wp\/v2\/types\/post"}],"author":[{"embeddable":true,"href":"https:\/\/www.europesays.com\/africa\/wp-json\/wp\/v2\/users\/2"}],"replies":[{"embeddable":true,"href":"https:\/\/www.europesays.com\/africa\/wp-json\/wp\/v2\/comments?post=26751"}],"version-history":[{"count":0,"href":"https:\/\/www.europesays.com\/africa\/wp-json\/wp\/v2\/posts\/26751\/revisions"}],"wp:featuredmedia":[{"embeddable":true,"href":"https:\/\/www.europesays.com\/africa\/wp-json\/wp\/v2\/media\/26752"}],"wp:attachment":[{"href":"https:\/\/www.europesays.com\/africa\/wp-json\/wp\/v2\/media?parent=26751"}],"wp:term":[{"taxonomy":"category","embeddable":true,"href":"https:\/\/www.europesays.com\/africa\/wp-json\/wp\/v2\/categories?post=26751"},{"taxonomy":"post_tag","embeddable":true,"href":"https:\/\/www.europesays.com\/africa\/wp-json\/wp\/v2\/tags?post=26751"}],"curies":[{"name":"wp","href":"https:\/\/api.w.org\/{rel}","templated":true}]}}