{"id":26795,"date":"2026-01-16T09:34:07","date_gmt":"2026-01-16T09:34:07","guid":{"rendered":"https:\/\/www.europesays.com\/africa\/26795\/"},"modified":"2026-01-16T09:34:07","modified_gmt":"2026-01-16T09:34:07","slug":"dans-les-matchs-tendus-cest-encore-lui-qui-montre-lexemple-sadio-mane-impressionne-elton-mokolo","status":"publish","type":"post","link":"https:\/\/www.europesays.com\/africa\/26795\/","title":{"rendered":"&#8220;Dans les matchs tendus, c&#8217;est encore lui qui montre l&#8217;exemple&#8221;, Sadio Man\u00e9 impressionne Elton Mokolo"},"content":{"rendered":"<p>S\u00e9n\u00e9gal : &#8220;Dans les matchs tendus, c&#8217;est encore lui qui montre l&#8217;exemple&#8221;, Sadio Man\u00e9 impressionne Elton Mokolo Sur le m\u00eame sujet<a href=\"https:\/\/rmcsport.bfmtv.com\/replay-emissions\/after-foot\/video-senegal-dans-les-matchs-tendus-c-est-encore-lui-qui-montre-l-exemple-sadio-mane-impressionne-elton-mokolo_VN-202601160340.html\" title=\"S\u00e9n\u00e9gal : &quot;Dans les matchs tendus, c&#039;est encore lui qui montre l&#039;exemple&quot;, Sadio Man\u00e9 impressionne Elton Mokolo\" rel=\"nofollow noopener\" target=\"_blank\"><img class=\"lozad\"  width=\"16\" height=\"9\" alt=\"S\u00e9n\u00e9gal : &quot;Dans les matchs tendus, c'est encore lui qui montre l'exemple&quot;, Sadio Man\u00e9 impressionne Elton Mokolo\"\/>en lectureS\u00e9n\u00e9gal : &#8220;Dans les matchs tendus, c&#8217;est encore lui qui montre l&#8217;exemple&#8221;, Sadio Man\u00e9 impressionne Elton Mokolo<\/a><a href=\"https:\/\/rmcsport.bfmtv.com\/replay-emissions\/after-foot\/video-maroc-le-meilleur-milieu-de-terrain-de-la-can-nasredine-nasri-encense-neil-el-aynaoui_VN-202601160310.html\" title=\"Maroc : &quot;Le meilleur milieu de terrain de la CAN&quot;, Nasredine Nasri encense Neil El Aynaoui\" rel=\"nofollow noopener\" target=\"_blank\"><img class=\"lozad\"  width=\"16\" height=\"9\" alt=\"Maroc : &quot;Le meilleur milieu de terrain de la CAN&quot;, Nasredine Nasri encense Neil El Aynaoui\"\/>9:59Maroc : &#8220;Le meilleur milieu de terrain de la CAN&#8221;, Nasredine Nasri encense Neil El Aynaoui<\/a><a href=\"https:\/\/rmcsport.bfmtv.com\/football\/video-maroc-critique-chahute-mais-au-rendez-vous-regragui-deja-le-goat-des-coaches-marocains_VN-202601151015.html\" title=\"Maroc : critiqu\u00e9, chahut\u00e9 mais au rendez-vous\u2026 Regragui, d\u00e9j\u00e0 le GOAT des coaches marocains ?\" rel=\"nofollow noopener\" target=\"_blank\"><img class=\"lozad\"  width=\"16\" height=\"9\" alt=\"Maroc : critiqu\u00e9, chahut\u00e9 mais au rendez-vous\u2026 Regragui, d\u00e9j\u00e0 le GOAT des coaches marocains ?\"\/>11:41Maroc : critiqu\u00e9, chahut\u00e9 mais au rendez-vous\u2026 Regragui, d\u00e9j\u00e0 le GOAT des coaches marocains ?<\/a><a href=\"https:\/\/rmcsport.bfmtv.com\/football\/video-senegal-maroc-affiche-prestige-stars-une-finale-de-can-revee_VN-202601151010.html\" title=\"S\u00e9n\u00e9gal - Maroc : affiche, prestige, stars\u2026 une finale de CAN r\u00eav\u00e9e ?\" rel=\"nofollow noopener\" target=\"_blank\"><img class=\"lozad\"  width=\"16\" height=\"9\" alt=\"S\u00e9n\u00e9gal - Maroc : affiche, prestige, stars\u2026 une finale de CAN r\u00eav\u00e9e ?\"\/>7:29S\u00e9n\u00e9gal &#8211; Maroc : affiche, prestige, stars\u2026 une finale de CAN r\u00eav\u00e9e ?<\/a><a href=\"https:\/\/rmcsport.bfmtv.com\/football\/ligue-1\/video-polemiques-incessantes-controverses-permanentes-l-arbitrage-hysterise-les-acteurs-du-foot_VN-202601150987.html\" title=\"Pol\u00e9miques incessantes, controverses permanentes\u2026 l&#039;arbitrage hyst\u00e9rise les acteurs du foot \" rel=\"nofollow noopener\" target=\"_blank\"><img class=\"lozad\"  width=\"16\" height=\"9\" alt=\"Pol\u00e9miques incessantes, controverses permanentes\u2026 l'arbitrage hyst\u00e9rise les acteurs du foot \"\/>11:29Pol\u00e9miques incessantes, controverses permanentes\u2026 l&#8217;arbitrage hyst\u00e9rise les acteurs du foot<\/a><a href=\"https:\/\/rmcsport.bfmtv.com\/replay-emissions\/after-foot\/video-une-derniere-pige-en-australie-valere-germain-evoque-une-possible-fin-de-carriere_VN-202601150983.html\" title=\"Une derni\u00e8re pige en Australie ? Val\u00e8re Germain \u00e9voque une possible fin de carri\u00e8re\" rel=\"nofollow noopener\" target=\"_blank\"><img class=\"lozad\"  width=\"16\" height=\"9\" alt=\"Une derni\u00e8re pige en Australie ? Val\u00e8re Germain \u00e9voque une possible fin de carri\u00e8re\"\/>2:48Une derni\u00e8re pige en Australie ? Val\u00e8re Germain \u00e9voque une possible fin de carri\u00e8re<\/a><a href=\"https:\/\/rmcsport.bfmtv.com\/football\/transferts\/video-ca-a-ete-une-erreur-de-luis-enrique-le-psg-doit-il-recruter-en-janvier_VN-202601150961.html\" title=\"&quot;\u00c7a a \u00e9t\u00e9 une erreur de Luis Enrique...&quot;, le PSG doit-il recruter en janvier ?\" rel=\"nofollow noopener\" target=\"_blank\"><img class=\"lozad\"  width=\"16\" height=\"9\" alt=\"&quot;\u00c7a a \u00e9t\u00e9 une erreur de Luis Enrique...&quot;, le PSG doit-il recruter en janvier ?\"\/>9:12&#8243;\u00c7a a \u00e9t\u00e9 une erreur de Luis Enrique&#8230;&#8221;, le PSG doit-il recruter en janvier ?<\/a><a href=\"https:\/\/rmcsport.bfmtv.com\/football\/ligue-des-champions\/video-en-gagnant-la-ligue-des-champions-le-psg-a-anesthesie-les-gens-estime-diaz_VN-202601150922.html\" title=\"&quot;En gagnant la Ligue des champions, le PSG a anesth\u00e9si\u00e9 les gens&quot;, estime Diaz \" rel=\"nofollow noopener\" target=\"_blank\"><img class=\"lozad\"  width=\"16\" height=\"9\" alt=\"&quot;En gagnant la Ligue des champions, le PSG a anesth\u00e9si\u00e9 les gens&quot;, estime Diaz \"\/>16:31&#8243;En gagnant la Ligue des champions, le PSG a anesth\u00e9si\u00e9 les gens&#8221;, estime Diaz<\/a><a href=\"https:\/\/rmcsport.bfmtv.com\/football\/video-after-psg-le-portugal-et-paris-une-grande-histoire-d-amour-pas-seulement-avec-des-reussites_VN-202601150799.html\" title=\"After PSG : le Portugal et Paris... une grande histoire d&#039;amour (pas seulement avec des r\u00e9ussites)\" rel=\"nofollow noopener\" target=\"_blank\"><img class=\"lozad\"  width=\"16\" height=\"9\" alt=\"After PSG : le Portugal et Paris... une grande histoire d'amour (pas seulement avec des r\u00e9ussites)\"\/>28:55After PSG : le Portugal et Paris&#8230; une grande histoire d&#8217;amour (pas seulement avec des r\u00e9ussites)<\/a><a href=\"https:\/\/rmcsport.bfmtv.com\/football\/ligue-1\/video-carton-orange-important-d-evoluer-l-avis-de-luis-enrique-et-des-coachs-de-l1_VN-202601150614.html\" title=\"Carton orange ? &quot;Important d&#039;\u00e9voluer&quot; l&#039;avis de Luis Enrique (et des coachs de L1)\" rel=\"nofollow noopener\" target=\"_blank\"><img class=\"lozad\"  width=\"16\" height=\"9\" alt=\"Carton orange ? &quot;Important d'\u00e9voluer&quot; l'avis de Luis Enrique (et des coachs de L1)\"\/>2:09Carton orange ? &#8220;Important d&#8217;\u00e9voluer&#8221; l&#8217;avis de Luis Enrique (et des coachs de L1)<\/a><a href=\"https:\/\/rmcsport.bfmtv.com\/football\/transferts\/video-om-5-4-mhsc-on-est-mene-4-0-et-courbis-nous-parle-de-petanque-sourit-pires_VN-202601150603.html\" title=\"OM 5-4 MHSC : \u201cOn est men\u00e9 4-0 et Courbis nous parle de p\u00e9tanque\u2026\u201d, sourit Pir\u00e8s\" rel=\"nofollow noopener\" target=\"_blank\"><img class=\"lozad\"  width=\"16\" height=\"9\" alt=\"OM 5-4 MHSC : \u201cOn est men\u00e9 4-0 et Courbis nous parle de p\u00e9tanque\u2026\u201d, sourit Pir\u00e8s\"\/>4:16OM 5-4 MHSC : \u201cOn est men\u00e9 4-0 et Courbis nous parle de p\u00e9tanque\u2026\u201d, sourit Pir\u00e8s<\/a><a href=\"https:\/\/rmcsport.bfmtv.com\/rugby\/video-mort-de-rolland-courbis-toulon-ne-l-oubliera-pas-l-hommage-de-mignoni_VN-202601150532.html\" title=\"Mort de Rolland Courbis : &quot;Toulon ne l&#039;oubliera pas&quot; l&#039;hommage de Mignoni\u00a0\" rel=\"nofollow noopener\" target=\"_blank\"><img class=\"lozad\"  width=\"16\" height=\"9\" alt=\"Mort de Rolland Courbis : &quot;Toulon ne l'oubliera pas&quot; l'hommage de Mignoni\u00a0\"\/>0:55Mort de Rolland Courbis : &#8220;Toulon ne l&#8217;oubliera pas&#8221; l&#8217;hommage de Mignoni\u00a0<\/a><a href=\"https:\/\/rmcsport.bfmtv.com\/replay-emissions\/after-foot\/video-senegal-1-0-egypte-eternel-mane-le-debrief-complet-de-la-demi-finale_VN-202601150284.html\" title=\"S\u00e9n\u00e9gal 1-0 \u00c9gypte : \u00c9ternel Man\u00e9, le DEBRIEF COMPLET de la demi-finale\" rel=\"nofollow noopener\" target=\"_blank\"><img class=\"lozad\"  width=\"16\" height=\"9\" alt=\"S\u00e9n\u00e9gal 1-0 \u00c9gypte : \u00c9ternel Man\u00e9, le DEBRIEF COMPLET de la demi-finale\"\/>8:33S\u00e9n\u00e9gal 1-0 \u00c9gypte : \u00c9ternel Man\u00e9, le DEBRIEF COMPLET de la demi-finale<\/a><a href=\"https:\/\/rmcsport.bfmtv.com\/replay-emissions\/after-foot\/video-maroc-0-0-nigeria-tab-4-2-le-debrief-complet-de-l-after-sur-la-victoire-des-lions-de-l-atlas_VN-202601141049.html\" title=\"Maroc 0-0 Nigeria (tab. 4-2) : Le d\u00e9brief complet de l\u2019After sur la victoire des Lions de l&#039;Atlas !\" rel=\"nofollow noopener\" target=\"_blank\"><img class=\"lozad\"  width=\"16\" height=\"9\" alt=\"Maroc 0-0 Nigeria (tab. 4-2) : Le d\u00e9brief complet de l\u2019After sur la victoire des Lions de l'Atlas !\"\/>21:41Maroc 0-0 Nigeria (tab. 4-2) : Le d\u00e9brief complet de l\u2019After sur la victoire des Lions de l&#8217;Atlas !<\/a><a class=\"jumpToVideo\" target=\"_blank\"><img class=\"thumbnailPreview\"\/><\/a><\/p>\n","protected":false},"excerpt":{"rendered":"S\u00e9n\u00e9gal : &#8220;Dans les matchs tendus, c&#8217;est encore lui qui montre l&#8217;exemple&#8221;, Sadio Man\u00e9 impressionne Elton Mokolo Sur&hellip;\n","protected":false},"author":2,"featured_media":26796,"comment_status":"","ping_status":"","sticky":false,"template":"","format":"standard","meta":{"footnotes":""},"categories":[48],"tags":[159],"class_list":{"0":"post-26795","1":"post","2":"type-post","3":"status-publish","4":"format-standard","5":"has-post-thumbnail","7":"category-senegal","8":"tag-senegal"},"share_on_mastodon":{"url":"","error":""},"_links":{"self":[{"href":"https:\/\/www.europesays.com\/africa\/wp-json\/wp\/v2\/posts\/26795","targetHints":{"allow":["GET"]}}],"collection":[{"href":"https:\/\/www.europesays.com\/africa\/wp-json\/wp\/v2\/posts"}],"about":[{"href":"https:\/\/www.europesays.com\/africa\/wp-json\/wp\/v2\/types\/post"}],"author":[{"embeddable":true,"href":"https:\/\/www.europesays.com\/africa\/wp-json\/wp\/v2\/users\/2"}],"replies":[{"embeddable":true,"href":"https:\/\/www.europesays.com\/africa\/wp-json\/wp\/v2\/comments?post=26795"}],"version-history":[{"count":0,"href":"https:\/\/www.europesays.com\/africa\/wp-json\/wp\/v2\/posts\/26795\/revisions"}],"wp:featuredmedia":[{"embeddable":true,"href":"https:\/\/www.europesays.com\/africa\/wp-json\/wp\/v2\/media\/26796"}],"wp:attachment":[{"href":"https:\/\/www.europesays.com\/africa\/wp-json\/wp\/v2\/media?parent=26795"}],"wp:term":[{"taxonomy":"category","embeddable":true,"href":"https:\/\/www.europesays.com\/africa\/wp-json\/wp\/v2\/categories?post=26795"},{"taxonomy":"post_tag","embeddable":true,"href":"https:\/\/www.europesays.com\/africa\/wp-json\/wp\/v2\/tags?post=26795"}],"curies":[{"name":"wp","href":"https:\/\/api.w.org\/{rel}","templated":true}]}}