{"id":26823,"date":"2026-01-16T09:48:06","date_gmt":"2026-01-16T09:48:06","guid":{"rendered":"https:\/\/www.europesays.com\/africa\/26823\/"},"modified":"2026-01-16T09:48:06","modified_gmt":"2026-01-16T09:48:06","slug":"senegal-le-pays-va-lancer-un-deuxieme-satellite-cette-annee","status":"publish","type":"post","link":"https:\/\/www.europesays.com\/africa\/26823\/","title":{"rendered":"S\u00e9n\u00e9gal: Le pays va lancer un deuxi\u00e8me satellite, cette ann\u00e9e"},"content":{"rendered":"<p class=\"story-body-text\" data-para-word-count=\"26\">Dakar \u2014 Le professeur Gayane Faye, coordonnateur du projet S\u00e9n\u00e9gal Satellite (SENSAT), a annonc\u00e9, jeudi, \u00e0 Dakar, le lancement du deuxi\u00e8me satellite s\u00e9n\u00e9galais au cours de cette ann\u00e9e.<\/p>\n<p class=\"story-body-text\" data-para-word-count=\"35\">&#8220;Nous aurons une deuxi\u00e8me \u00e9toile dans le domaine spatial, cette ann\u00e9e, avec le GAINDESAT-1B&#8221;, a assur\u00e9 M. Faye, \u00e9galement directeur du laboratoire de t\u00e9l\u00e9d\u00e9tection appliqu\u00e9e de l&#8217;\u00c9cole sup\u00e9rieure nationale des mines et de la g\u00e9ologie.<\/p>\n<p class=\"story-body-text\" data-para-word-count=\"28\">Il a fait cette promesse en pronon\u00e7ant le cours inaugural de la rentr\u00e9e acad\u00e9mique 2025-2026 du Centre des hautes \u00e9tudes de d\u00e9fense et de s\u00e9curit\u00e9 (CHEDS) de Dakar.<\/p>\n<p class=\"story-body-text\" data-para-word-count=\"40\">Le S\u00e9n\u00e9gal a lanc\u00e9 avec succ\u00e8s son premier satellite, le GAINDESAT-1A, le 16 ao\u00fbt 2024, depuis la base militaire de Vandenberg, aux \u00c9tats-Unis d&#8217;Am\u00e9rique. C&#8217;est un satellite de type 1U, destin\u00e9 \u00e0 la collecte de donn\u00e9es environnementales et \u00e0 l&#8217;imagerie.<\/p>\n<p class=\"story-body-text\" style=\"text-align: center;\">\n<p>Suivez-nous sur <a href=\"https:\/\/whatsapp.com\/channel\/0029Vae09IP4inotqC0BUQ2V\" target=\"_blank\" rel=\"nofollow noopener\">WhatsApp<\/a> | <a href=\"https:\/\/www.linkedin.com\/company\/allafrica\/\" target=\"_blank\" rel=\"nofollow noopener\">LinkedIn<\/a> pour les derniers titres<\/p>\n<p class=\"story-body-text\" data-para-word-count=\"33\">&#8220;Il est impossible, aujourd&#8217;hui, de parler de s\u00e9curit\u00e9 et de d\u00e9fense sans faire allusion au spatial&#8221;, a relev\u00e9 Gayane Faye pour mettre en exergue la liaison entre le projet SENSAT et le CHEDS.<\/p>\n<p class=\"story-body-text\" data-para-word-count=\"46\">&#8220;Levier de souverainet\u00e9 \u00e9conomique, il (le spatial, la recherche spatiale) est utilis\u00e9 pour collecter des informations nous permettant de surveiller nos mers, nos villes, voire nos pays&#8221;, a expliqu\u00e9 M. Faye, saluant l&#8217;introduction, par les arm\u00e9es s\u00e9n\u00e9galaises, de la recherche spatiale dans la formation des militaires.<\/p>\n<p class=\"story-body-text\" data-para-word-count=\"18\">Gayane Faye s&#8217;est r\u00e9joui de l&#8217;annonce de la cr\u00e9ation prochaine d&#8217;une formation doctorale en recherche spatiale au CHEDS.<\/p>\n<p class=\"story-body-text\" data-para-word-count=\"17\">&#8220;Les universit\u00e9s ne prennent pas tr\u00e8s souvent en compte les pr\u00e9occupations de ce secteur s\u00e9curitaire&#8221;, a-t-il signal\u00e9.<\/p>\n<p class=\"story-body-text\" data-para-word-count=\"37\">&#8220;La cr\u00e9ation d&#8217;une \u00e9cole doctorale spatiale au sein du CHEDS permettra aux officiers, aux professionnels de la s\u00e9curit\u00e9 et de la d\u00e9fense de faire des th\u00e8ses pour approfondir la [recherche]&#8221; dans ce domaine, a ajout\u00e9 M. Faye.<\/p>\n<p class=\"story-body-text\" data-para-word-count=\"56\">L&#8217;administrateur civil Djiby Diallo, qui dirige une association de dipl\u00f4m\u00e9s de cet \u00e9tablissement public, le CHEDS, souhaite que l&#8217;\u00c9tat recoure davantage aux comp\u00e9tences de ces derniers. &#8220;Nous exhortons les autorit\u00e9s \u00e0 utiliser \u00e0 bon escient les personnes form\u00e9es au CHEDS&#8221;, a-t-il dit, estimant qu&#8217;elles peuvent contribuer \u00e0 la politique de s\u00e9curit\u00e9 et de d\u00e9fense du pays.<\/p>\n<p class=\"story-body-text\" data-para-word-count=\"36\">&#8220;Ce ne serait pas bon qu&#8217;une personne form\u00e9e dans une si prestigieuse \u00e9cole ne soit pas employ\u00e9e \u00e0 bon escient&#8221;, a ajout\u00e9 M. Diallo, \u00e9galement conseiller technique du ministre de l&#8217;Int\u00e9rieur et de la S\u00e9curit\u00e9 publique.<\/p>\n","protected":false},"excerpt":{"rendered":"Dakar \u2014 Le professeur Gayane Faye, coordonnateur du projet S\u00e9n\u00e9gal Satellite (SENSAT), a annonc\u00e9, jeudi, \u00e0 Dakar, le&hellip;\n","protected":false},"author":2,"featured_media":198,"comment_status":"","ping_status":"","sticky":false,"template":"","format":"standard","meta":{"footnotes":""},"categories":[48],"tags":[63,83,269,265,262,268,1072,96,261,159,264,1073,263,266,325],"class_list":{"0":"post-26823","1":"post","2":"type-post","3":"status-publish","4":"format-standard","5":"has-post-thumbnail","7":"category-senegal","8":"tag-africa","9":"tag-business","10":"tag-business-and-finance","11":"tag-current-events","12":"tag-economy","13":"tag-governance","14":"tag-ict-and-telecom","15":"tag-news","16":"tag-politics","17":"tag-senegal","18":"tag-sports","19":"tag-technology","20":"tag-trade","21":"tag-travel","22":"tag-west-africa"},"share_on_mastodon":{"url":"","error":""},"_links":{"self":[{"href":"https:\/\/www.europesays.com\/africa\/wp-json\/wp\/v2\/posts\/26823","targetHints":{"allow":["GET"]}}],"collection":[{"href":"https:\/\/www.europesays.com\/africa\/wp-json\/wp\/v2\/posts"}],"about":[{"href":"https:\/\/www.europesays.com\/africa\/wp-json\/wp\/v2\/types\/post"}],"author":[{"embeddable":true,"href":"https:\/\/www.europesays.com\/africa\/wp-json\/wp\/v2\/users\/2"}],"replies":[{"embeddable":true,"href":"https:\/\/www.europesays.com\/africa\/wp-json\/wp\/v2\/comments?post=26823"}],"version-history":[{"count":0,"href":"https:\/\/www.europesays.com\/africa\/wp-json\/wp\/v2\/posts\/26823\/revisions"}],"wp:featuredmedia":[{"embeddable":true,"href":"https:\/\/www.europesays.com\/africa\/wp-json\/wp\/v2\/media\/198"}],"wp:attachment":[{"href":"https:\/\/www.europesays.com\/africa\/wp-json\/wp\/v2\/media?parent=26823"}],"wp:term":[{"taxonomy":"category","embeddable":true,"href":"https:\/\/www.europesays.com\/africa\/wp-json\/wp\/v2\/categories?post=26823"},{"taxonomy":"post_tag","embeddable":true,"href":"https:\/\/www.europesays.com\/africa\/wp-json\/wp\/v2\/tags?post=26823"}],"curies":[{"name":"wp","href":"https:\/\/api.w.org\/{rel}","templated":true}]}}