{"id":26892,"date":"2026-01-16T10:32:06","date_gmt":"2026-01-16T10:32:06","guid":{"rendered":"https:\/\/www.europesays.com\/africa\/26892\/"},"modified":"2026-01-16T10:32:06","modified_gmt":"2026-01-16T10:32:06","slug":"engagement-renouvele-pour-les-projets-de-developpement-dans-les-provinces-du-sud","status":"publish","type":"post","link":"https:\/\/www.europesays.com\/africa\/26892\/","title":{"rendered":"engagement renouvel\u00e9 pour les projets de d\u00e9veloppement dans les provinces du Sud"},"content":{"rendered":"<p>\t\t\tL\u2019Agence fran\u00e7aise de d\u00e9veloppement (AFD) est engag\u00e9e \u00e0 mettre en \u0153uvre les engagements pris lors de la visite du chef de l\u2019\u00c9tat fran\u00e7ais, Emmanuel Macron, en octobre 2024 au Maroc, notamment les projets de d\u00e9veloppement dans les provinces du Sud du Royaume, a affirm\u00e9, jeudi \u00e0 Rabat, le directeur g\u00e9n\u00e9ral de l\u2019Agence, R\u00e9my Rioux.<\/p>\n<p style=\"text-align: justify;\">Lors d\u2019un point de presse \u00e0 l\u2019issue d\u2019une rencontre avec le ministre des Affaires \u00e9trang\u00e8res, de la Coop\u00e9ration africaine et des Marocains r\u00e9sidant \u00e0 l\u2019\u00e9tranger, Nasser Bourita, le Directeur g\u00e9n\u00e9ral de l\u2019AFD a indiqu\u00e9 que cette rencontre a \u00e9t\u00e9 l\u2019occasion de faire le point sur la mise en \u0153uvre des engagements pris lors de ladite visite et sur l\u2019\u00e9tat d\u2019avancement des diff\u00e9rents projets dans les domaines de la coop\u00e9ration ferroviaire, de l\u2019eau et de l\u2019assainissement, outre les investissements de l\u2019Agence dans les provinces du Sud du Royaume.<\/p>\n<p style=\"text-align: justify;\">Rappelant sa visite l\u2019ann\u00e9e derni\u00e8re \u00e0 La\u00e2youne et \u00e0 Dakhla pour rencontrer les autorit\u00e9s et identifier les points d\u2019investissement, M. Rioux a soulign\u00e9 que l\u2019AFD travaille actuellement sur le financement des ports via l\u2019Agence nationale des ports et sur la possibilit\u00e9 de soutenir les Soci\u00e9t\u00e9s r\u00e9gionales multiservices (SRM), nouvellement cr\u00e9\u00e9es dans ces deux r\u00e9gions du Maroc.<\/p>\n<p style=\"text-align: justify;\">Lire aussi :\u00a0<a style=\"color: #008000;\" href=\"https:\/\/maroc-diplomatique.net\/une-delegation-des-iles-canaries-se-rend-a-dakhla-pour-explorer-les-opportunites\/\" rel=\"nofollow noopener\" target=\"_blank\">Une d\u00e9l\u00e9gation des \u00eeles Canaries se rend \u00e0 Dakhla pour explorer les opportunit\u00e9s des provinces du Sud<\/a><\/p>\n<p style=\"text-align: justify;\">\u00ab\u00a0Nous travaillons en ce moment \u00e0 la fois sur le financement des ports via l\u2019Agence nationale des ports, mais \u00e9galement la possibilit\u00e9 de financer directement ces deux r\u00e9gions (NDLR La\u00e2youne et Dakhla), ainsi que les soci\u00e9t\u00e9s r\u00e9gionales multiservices qui viennent d\u2019\u00eatre cr\u00e9\u00e9es pour les services publics\u00a0\u00bb, a-t-il dit.<\/p>\n<p style=\"text-align: justify;\">Au sujet de la coop\u00e9ration africaine, M. Rioux a soulign\u00e9 que ses discussions avec M. Bourita se sont focalis\u00e9es sur la d\u00e9termination du Maroc et de la France \u00e0 joindre leurs forces pour le d\u00e9veloppement du continent, \u00ab\u00a0au-del\u00e0 bien s\u00fbr de notre coop\u00e9ration bilat\u00e9rale en identifiant des sujets d\u2019int\u00e9r\u00eat commun dans lesquels nos entreprises, nos op\u00e9rateurs auraient des capacit\u00e9s \u00e0 travailler ensemble, dans la perspective du Sommet Afrique-France (Africa Forward) pr\u00e9vu en mai prochain \u00e0 Nairobi\u00a0\u00bb.<\/p>\n<p style=\"text-align: justify;\">Aussi, il a fait savoir que son d\u00e9placement dans le Royaume intervient dans le cadre de sa participation au Sommet \u00ab\u00a0Game Time Africa\u00a0\u00bb, organis\u00e9 \u00e0 l\u2019occasion de la Coupe d\u2019Afrique des Nations (CAN-Maroc 2025), saisissant cette occasion pour saluer la qualit\u00e9 de l\u2019organisation de cette comp\u00e9tition continentale, ainsi que la performance de l\u2019\u00e9quipe nationale marocaine lors de ce rendez-vous footballistique.<\/p>\n<p style=\"text-align: justify;\">Avec MAP<\/p>\n","protected":false},"excerpt":{"rendered":"L\u2019Agence fran\u00e7aise de d\u00e9veloppement (AFD) est engag\u00e9e \u00e0 mettre en \u0153uvre les engagements pris lors de la visite&hellip;\n","protected":false},"author":2,"featured_media":26893,"comment_status":"","ping_status":"","sticky":false,"template":"","format":"standard","meta":{"footnotes":""},"categories":[41],"tags":[16499,1315,158,7615,16500],"class_list":{"0":"post-26892","1":"post","2":"type-post","3":"status-publish","4":"format-standard","5":"has-post-thumbnail","7":"category-maroc","8":"tag-afd","9":"tag-emmanuel-macron","10":"tag-maroc","11":"tag-nasser-bourita","12":"tag-remy-rioux"},"share_on_mastodon":{"url":"","error":""},"_links":{"self":[{"href":"https:\/\/www.europesays.com\/africa\/wp-json\/wp\/v2\/posts\/26892","targetHints":{"allow":["GET"]}}],"collection":[{"href":"https:\/\/www.europesays.com\/africa\/wp-json\/wp\/v2\/posts"}],"about":[{"href":"https:\/\/www.europesays.com\/africa\/wp-json\/wp\/v2\/types\/post"}],"author":[{"embeddable":true,"href":"https:\/\/www.europesays.com\/africa\/wp-json\/wp\/v2\/users\/2"}],"replies":[{"embeddable":true,"href":"https:\/\/www.europesays.com\/africa\/wp-json\/wp\/v2\/comments?post=26892"}],"version-history":[{"count":0,"href":"https:\/\/www.europesays.com\/africa\/wp-json\/wp\/v2\/posts\/26892\/revisions"}],"wp:featuredmedia":[{"embeddable":true,"href":"https:\/\/www.europesays.com\/africa\/wp-json\/wp\/v2\/media\/26893"}],"wp:attachment":[{"href":"https:\/\/www.europesays.com\/africa\/wp-json\/wp\/v2\/media?parent=26892"}],"wp:term":[{"taxonomy":"category","embeddable":true,"href":"https:\/\/www.europesays.com\/africa\/wp-json\/wp\/v2\/categories?post=26892"},{"taxonomy":"post_tag","embeddable":true,"href":"https:\/\/www.europesays.com\/africa\/wp-json\/wp\/v2\/tags?post=26892"}],"curies":[{"name":"wp","href":"https:\/\/api.w.org\/{rel}","templated":true}]}}