{"id":2707,"date":"2026-01-04T12:40:17","date_gmt":"2026-01-04T12:40:17","guid":{"rendered":"https:\/\/www.europesays.com\/africa\/2707\/"},"modified":"2026-01-04T12:40:17","modified_gmt":"2026-01-04T12:40:17","slug":"afrique-du-sud-cameroun-le-prix-a-payer-dans-un-tournoi-le-cameroun-determine-avant-son-8e-de-finale","status":"publish","type":"post","link":"https:\/\/www.europesays.com\/africa\/2707\/","title":{"rendered":"Afrique du Sud &#8211; Cameroun\u00a0: &#8220;le prix \u00e0 payer dans un tournoi&#8221;, le Cameroun d\u00e9termin\u00e9 avant son 8e de finale"},"content":{"rendered":"<p class=\"app_entry_lead\">\n<p>                    <a title=\"\u00a0\u00a9\u00a0Ulrik Pedersen\/Cal Sport Media\/S\" href=\"https:\/\/www.europesays.com\/africa\/wp-content\/uploads\/2026\/01\/84561892.jpg\" class=\"fancy\"><\/p>\n<p>                            <img loading=\"lazy\" decoding=\"async\" src=\"https:\/\/www.europesays.com\/africa\/wp-content\/uploads\/2026\/01\/84561892.jpg\" alt=\"Afrique du Sud - Cameroun\u00a0: &quot;le prix \u00e0 payer dans un tournoi&quot;, le Cameroun d\u00e9termin\u00e9 avant son 8e de finale\" width=\"1500\" height=\"1109\"\/><\/p>\n<p>                    <\/a><\/p>\n<p>                                    A l&#8217;occasion des 8es de finale de la CAN 2025, l&#8217;Afrique du Sud d\u00e9fie le Cameroun ce dimanche \u00e0 20h00. Les Lions Indomptables s&#8217;avancent avec des certitudes.\n                            <\/p>\n<p>                Je m&#8217;abonne \u00e0 la newsletter Bons Plans<\/p>\n<p>A l&#8217;heure des huiti\u00e8mes de finale de la <a href=\"https:\/\/www.linternaute.com\/sport\/competitions\/9447815-can-2025-tableau-et-calendrier-des-huitiemes-et-les-resultats-en-direct\/\" title=\"CAN 2025\" rel=\"nofollow noopener\" target=\"_blank\">CAN 2025<\/a>, les choses s\u00e9rieuses commencent vraiment. Le Cameroun, l&#8217;un des favoris \u00e0 la victoire finale, affronte l&#8217;Afrique du Sud pour une place en quarts de finale. Les Bafana Bafana, surprenants demi-finalistes de la derni\u00e8re CAN, ont \u00e9t\u00e9 solides deuxi\u00e8mes derri\u00e8re l&#8217;Egypte lors de la phase de poules. Face aux Pharaons, les Sud-Africains ont conc\u00e9d\u00e9 leur seule d\u00e9faite pour l&#8217;instant (1-0). Port\u00e9 par un Lyle Foster d\u00e9cisif devant le but (deux buts, deux passes d\u00e9cisives) depuis le d\u00e9but de la comp\u00e9tition, l&#8217;Afrique du Sud d&#8217;Hugo Broos s&#8217;attaque d\u00e9sormais \u00e0 un mastodonte, le Cameroun.<\/p>\n<p>Pour ce huiti\u00e8me de finale, les Lions Indomptables s&#8217;avancent avec deux jours de repos en moins par rapport \u00e0 leurs adversaires. &#8220;L&#8217;Afrique du Sud aura deux jours de repos de plus que nous mais c&#8217;est le prix \u00e0 payer dans un tournoi. On a\u00a0quand m\u00eame quatre jours. Je pense que c&#8217;est suffisant pour r\u00e9cup\u00e9rer&#8221; analyse le coach camerounais David Pagou. Apr\u00e8s une phase de poule relativement bien ma\u00eetris\u00e9e, deux victoires et un nul contre la C\u00f4te d&#8217;Ivoire (1-1), le Cameroun esp\u00e8re faire mieux qu&#8217;il y a deux ans (d\u00e9faite en 8e contre le Nig\u00e9ria 2-0). Mais attention \u00e0 l&#8217;Afrique du Sud, un adversaire que les Camerounais n&#8217;ont jamais battu dans leur histoire (trois nuls, deux d\u00e9faites).<\/p>\n<p>A quelle heure d\u00e9bute Afrique du Sud &#8211; Cameroun ?<\/p>\n<p>Le coup d&#8217;envoi d&#8217;Afrique du Sud &#8211; Cameroun sera donn\u00e9 au Al Barid Stadium de Rabat \u00e0 20h00.<\/p>\n<p>Sur quelle cha\u00eene suivre Afrique du Sud &#8211; Cameroun ?<\/p>\n<p>Afrique du Sud &#8211; Cameroun est \u00e0 suivre sur BeINSports1.<\/p>\n<p>Quelles sont les compositions probables d&#8217;Afrique du Sud &#8211; Cameroun ?<\/p>\n<p>Afrique du Sud.\u00a0Williams &#8211; Mudau, Ngezana, Mbokazi, Modiba &#8211; Mokoena, Sithole &#8211; Appollis, Mbule, Moremi &#8211; Foster.<\/p>\n<p>Cameroun.\u00a0Epassy &#8211; Malone, Kotto, Tolo (ou Nyamsi) &#8211; Tchamadeu, Namaso, Baleba, Avom Ebong, Yongwa &#8211; Mbeumo, Atta Eyong.<\/p>\n","protected":false},"excerpt":{"rendered":"A l&#8217;occasion des 8es de finale de la CAN 2025, l&#8217;Afrique du Sud d\u00e9fie le Cameroun ce dimanche&hellip;\n","protected":false},"author":2,"featured_media":2708,"comment_status":"","ping_status":"","sticky":false,"template":"","format":"standard","meta":{"footnotes":""},"categories":[62],"tags":[64,179,2440,249,252,251,253],"class_list":{"0":"post-2707","1":"post","2":"type-post","3":"status-publish","4":"format-standard","5":"has-post-thumbnail","7":"category-afrique","8":"tag-afrique","9":"tag-can-2025","10":"tag-cms-linternaute-9584054","11":"tag-controller-content","12":"tag-foot","13":"tag-format-papier","14":"tag-parallaxeinfeed"},"share_on_mastodon":{"url":"","error":""},"_links":{"self":[{"href":"https:\/\/www.europesays.com\/africa\/wp-json\/wp\/v2\/posts\/2707","targetHints":{"allow":["GET"]}}],"collection":[{"href":"https:\/\/www.europesays.com\/africa\/wp-json\/wp\/v2\/posts"}],"about":[{"href":"https:\/\/www.europesays.com\/africa\/wp-json\/wp\/v2\/types\/post"}],"author":[{"embeddable":true,"href":"https:\/\/www.europesays.com\/africa\/wp-json\/wp\/v2\/users\/2"}],"replies":[{"embeddable":true,"href":"https:\/\/www.europesays.com\/africa\/wp-json\/wp\/v2\/comments?post=2707"}],"version-history":[{"count":0,"href":"https:\/\/www.europesays.com\/africa\/wp-json\/wp\/v2\/posts\/2707\/revisions"}],"wp:featuredmedia":[{"embeddable":true,"href":"https:\/\/www.europesays.com\/africa\/wp-json\/wp\/v2\/media\/2708"}],"wp:attachment":[{"href":"https:\/\/www.europesays.com\/africa\/wp-json\/wp\/v2\/media?parent=2707"}],"wp:term":[{"taxonomy":"category","embeddable":true,"href":"https:\/\/www.europesays.com\/africa\/wp-json\/wp\/v2\/categories?post=2707"},{"taxonomy":"post_tag","embeddable":true,"href":"https:\/\/www.europesays.com\/africa\/wp-json\/wp\/v2\/tags?post=2707"}],"curies":[{"name":"wp","href":"https:\/\/api.w.org\/{rel}","templated":true}]}}