{"id":27210,"date":"2026-01-16T13:45:03","date_gmt":"2026-01-16T13:45:03","guid":{"rendered":"https:\/\/www.europesays.com\/africa\/27210\/"},"modified":"2026-01-16T13:45:03","modified_gmt":"2026-01-16T13:45:03","slug":"can-2025-merci-les-gars-quand-omar-sy-termine-dans-le-vestiaire-du-senegal-apres-la-demi-finale","status":"publish","type":"post","link":"https:\/\/www.europesays.com\/africa\/27210\/","title":{"rendered":"CAN 2025\u00a0: \u00ab\u00a0Merci les gars\u00a0\u00bb, quand Omar Sy termine dans le vestiaire du S\u00e9n\u00e9gal apr\u00e8s la demi-finale"},"content":{"rendered":"<p class=\"paragraph text_align_left lp-f-body-02\">Il ne pouvait pas \u00eatre plus fier. Ce mercredi, Omar Sy a assist\u00e9 au Maroc \u00e0 la qualification du S\u00e9n\u00e9gal pour la finale de<a href=\"https:\/\/www.leparisien.fr\/sports\/football\/coupe-d-afrique-des-nations\/\" target=\"_blank\" rel=\"noreferrer nofollow noopener\"> la Coupe d\u2019Afrique des nations<\/a>. Grand supporter des Lions de la Teranga, il est m\u00eame descendu dans le vestiaire apr\u00e8s la victoire des siens pour les f\u00e9liciter. Avec son sourire caract\u00e9ristique et habill\u00e9 d\u2019une casquette et d\u2019une \u00e9charpe aux couleurs <a href=\"https:\/\/www.leparisien.fr\/sports\/football\/senegal\/\" target=\"_blank\" rel=\"noreferrer nofollow noopener\">du S\u00e9n\u00e9ga<\/a>l, l\u2019acteur fran\u00e7ais leur a hurl\u00e9 un \u00ab merci les gars \u00bb qui venait du c\u0153ur.<\/p>\n<p class=\"\">Install\u00e9 en tribunes aux c\u00f4t\u00e9s de Baf\u00e9timbi Gomis, Mamadou Niang et <a href=\"https:\/\/www.leparisien.fr\/sports\/football\/coupe-d-afrique-des-nations\/un-cocktail-molotov-qui-peut-faire-mal-a-toutes-les-equipes-el-hadji-diouf-raconte-la-force-du-senegal-15-01-2026-HANCSTXGO5HWLFSFT7D7XPNJEY.php\" target=\"_blank\" rel=\"noreferrer nofollow noopener\">El Hadji Diouf<\/a>, le natif de Trappes n\u2019a pas loup\u00e9 une miette de la victoire du S\u00e9n\u00e9gal face \u00e0 l\u2019\u00c9gypte. Il a m\u00eame savour\u00e9 le but de Sadio Man\u00e9 en fin de match, qui a lib\u00e9r\u00e9 les Lions de l\u2019Atlas et les a envoy\u00e9s en finale de ce tournoi au Maroc.<\/p>\n<p class=\"\">En 2022, Omar Sy avait d\u00e9j\u00e0 cri\u00e9 son amour pour son pays d\u2019origine. Devant son t\u00e9l\u00e9viseur, il avait pos\u00e9 fi\u00e8rement pour c\u00e9l\u00e9brer le sacre des S\u00e9n\u00e9galais \u00e0 la Coupe d\u2019Afrique des nations. \u00ab Vive les Lions, Champions d\u2019Afrique. Bravo \u00e0 Nos Gaind\u00e9s, nos Mbarode ! Tellement fier et heureux \u00bb, avait-il \u00e9crit sur Instagram.<\/p>\n<p class=\"\">Ce dimanche, l\u2019acteur star d\u2019Ars\u00e8ne Lupin sera en concurrence avec l\u2019un de ses grands amis : Jamel Debbouze. Tous les deux fans de football, les deux hommes ont grandi ensemble \u00e0 Trappes. Tr\u00e8s li\u00e9s, ils seront sans doute adversaires durant deux heures, le temps de d\u00e9terminer lequel des deux sera sur le toit de l\u2019Afrique.<\/p>\n","protected":false},"excerpt":{"rendered":"Il ne pouvait pas \u00eatre plus fier. Ce mercredi, Omar Sy a assist\u00e9 au Maroc \u00e0 la qualification&hellip;\n","protected":false},"author":2,"featured_media":27211,"comment_status":"","ping_status":"","sticky":false,"template":"","format":"standard","meta":{"footnotes":""},"categories":[48],"tags":[360,2922,311,159,264],"class_list":{"0":"post-27210","1":"post","2":"type-post","3":"status-publish","4":"format-standard","5":"has-post-thumbnail","7":"category-senegal","8":"tag-can","9":"tag-culture-et-loisirs","10":"tag-football","11":"tag-senegal","12":"tag-sports"},"share_on_mastodon":{"url":"","error":""},"_links":{"self":[{"href":"https:\/\/www.europesays.com\/africa\/wp-json\/wp\/v2\/posts\/27210","targetHints":{"allow":["GET"]}}],"collection":[{"href":"https:\/\/www.europesays.com\/africa\/wp-json\/wp\/v2\/posts"}],"about":[{"href":"https:\/\/www.europesays.com\/africa\/wp-json\/wp\/v2\/types\/post"}],"author":[{"embeddable":true,"href":"https:\/\/www.europesays.com\/africa\/wp-json\/wp\/v2\/users\/2"}],"replies":[{"embeddable":true,"href":"https:\/\/www.europesays.com\/africa\/wp-json\/wp\/v2\/comments?post=27210"}],"version-history":[{"count":0,"href":"https:\/\/www.europesays.com\/africa\/wp-json\/wp\/v2\/posts\/27210\/revisions"}],"wp:featuredmedia":[{"embeddable":true,"href":"https:\/\/www.europesays.com\/africa\/wp-json\/wp\/v2\/media\/27211"}],"wp:attachment":[{"href":"https:\/\/www.europesays.com\/africa\/wp-json\/wp\/v2\/media?parent=27210"}],"wp:term":[{"taxonomy":"category","embeddable":true,"href":"https:\/\/www.europesays.com\/africa\/wp-json\/wp\/v2\/categories?post=27210"},{"taxonomy":"post_tag","embeddable":true,"href":"https:\/\/www.europesays.com\/africa\/wp-json\/wp\/v2\/tags?post=27210"}],"curies":[{"name":"wp","href":"https:\/\/api.w.org\/{rel}","templated":true}]}}