{"id":27433,"date":"2026-01-16T16:05:08","date_gmt":"2026-01-16T16:05:08","guid":{"rendered":"https:\/\/www.europesays.com\/africa\/27433\/"},"modified":"2026-01-16T16:05:08","modified_gmt":"2026-01-16T16:05:08","slug":"la-caf-met-le-restant-de-sa-credibilite-en-jeu-avec-lalgerie","status":"publish","type":"post","link":"https:\/\/www.europesays.com\/africa\/27433\/","title":{"rendered":"La CAF met le restant de sa cr\u00e9dibilit\u00e9 en jeu avec l&#8217;Alg\u00e9rie"},"content":{"rendered":"<p style=\"text-align: justify\">La Conf\u00e9d\u00e9ration africaine de football (CAF) est en train de basculer dans l\u2019abus d\u2019autorit\u00e9 sous la manipulation de certains membres. Particuli\u00e8rement Fouzi Lekj\u00e2a, patron de la F\u00e9d\u00e9ration royale marocaine de football (FRMF) et vice-pr\u00e9sident de la CAF. L\u2019Alg\u00e9rie fait l\u2019objet d\u2019une enqu\u00eate apr\u00e8s son quart de finale contre le Nig\u00e9ria \u00e0 la CAN 2025 qui se tient au Maroc. Des joueurs de l\u2019EN mais aussi des membres de l\u2019encadrement risquent \u00e0 des sanctions. En effet, des mesures excessives pourraient \u00eatre prises. Un peut comme celles dont \u00e0 fait l\u2019objet Samuel Eto\u2019o, premier responsable de la FECAFOOT. Afin de s\u2019en pr\u00e9munir, la F\u00e9d\u00e9ration alg\u00e9rienne de football (FAF), qui a d\u00e9j\u00e0 obtenu gain de cause face \u00e0 la CAF dans un pass\u00e9 r\u00e9cent, a pris les devants.<\/p>\n<p style=\"text-align: justify\">Les choses sont d\u00e9sormais claires. A la CAF, l\u2019encrage juridique pour la prise des d\u00e9cisions est bafou\u00e9 comme l\u2019a fait constater la FECAFOOT. D\u00e8s lors, il y a le risque de voir l\u2019Alg\u00e9rie se voir infliger de sanctions abusives. Pourtant, si l\u2019on se fie au r\u00e8glement, les Fennecs concern\u00e9s par le rapport d\u2019Issa Sy ne sont pas all\u00e9s jusqu\u2019\u00e0 l\u2019agresser ou menacer son int\u00e9grit\u00e9 physique pour \u00e9coper de matchs fermes de suspension.<\/p>\n<p>Affaire USM Alger \u2013 RS Berkane donne l\u2019avantage \u00e0 la FAF face \u00e0 la CAF<\/p>\n<p style=\"text-align: justify\">En tout cas, la FAF et son pr\u00e9sident Walid Sadi, qui ont est destinataires d\u2019un questionnaire il y a trois jours de cela, ont contract\u00e9 la CAF et la FIFA sur l\u2019affaire. Il faut rappeler qu\u2019auparavant, la CAF avait d\u00e9j\u00e0 d\u00e9bout\u00e9 l\u2019Alg\u00e9rie et l\u2019USM Alger dans sa plainte dans l\u2019affaire du maillot controvers\u00e9 de la RS Berkane lors de la demi-finale de la Coupe de la Conf\u00e9d\u00e9ration CAF que les Usmistes avaient boycott\u00e9e.<\/p>\n<p style=\"text-align: justify\">Si la CAF avait donn\u00e9 tort \u00e0 l\u2019USMA, le Tribunal arbitral du Sport (TAS) de Lausanne (Suisse), sollicit\u00e9 par la FAF, avait annul\u00e9 les d\u00e9cisions de la structure conf\u00e9d\u00e9rale en consid\u00e9rant qu\u2019elles enfreignaient sa r\u00e9glementation. D\u00e8s lors, la CAF ne pourra pas se permettre de s\u2019exposer \u00e0 un nouveau camouflet face \u00e0 la partie alg\u00e9rienne en improvisant des mesures. Autrement, l\u2019instance f\u00e9d\u00e9rale Dz intentera une affaire aupr\u00e8s de la plus haute juridiction sportive sise en Suisse. La victoire dans le dossier \u201cUSM Alger \u2013 RS Berkane\u201d mettait d\u00e9j\u00e0 la cr\u00e9dibilit\u00e9 (essouffl\u00e9e) de l\u2019organe footballistique continental au bord du pr\u00e9cipice. Un nouveau camouflet serait de trop. Affaire \u00e0 suivre.<\/p>\n","protected":false},"excerpt":{"rendered":"La Conf\u00e9d\u00e9ration africaine de football (CAF) est en train de basculer dans l\u2019abus d\u2019autorit\u00e9 sous la manipulation de&hellip;\n","protected":false},"author":2,"featured_media":27434,"comment_status":"","ping_status":"","sticky":false,"template":"","format":"standard","meta":{"footnotes":""},"categories":[254],"tags":[255,483,14013,16780,8496,7308,10480,16781,3106,16782,16783],"class_list":{"0":"post-27433","1":"post","2":"type-post","3":"status-publish","4":"format-standard","5":"has-post-thumbnail","7":"category-algerie","8":"tag-algerie","9":"tag-caf","10":"tag-faf","11":"tag-fecafoot","12":"tag-fouzi-lekjau00e2","13":"tag-frmf","14":"tag-issa-sy","15":"tag-rs-berkane","16":"tag-samuel-etoo","17":"tag-usm-alger","18":"tag-walid-sadi"},"share_on_mastodon":{"url":"","error":""},"_links":{"self":[{"href":"https:\/\/www.europesays.com\/africa\/wp-json\/wp\/v2\/posts\/27433","targetHints":{"allow":["GET"]}}],"collection":[{"href":"https:\/\/www.europesays.com\/africa\/wp-json\/wp\/v2\/posts"}],"about":[{"href":"https:\/\/www.europesays.com\/africa\/wp-json\/wp\/v2\/types\/post"}],"author":[{"embeddable":true,"href":"https:\/\/www.europesays.com\/africa\/wp-json\/wp\/v2\/users\/2"}],"replies":[{"embeddable":true,"href":"https:\/\/www.europesays.com\/africa\/wp-json\/wp\/v2\/comments?post=27433"}],"version-history":[{"count":0,"href":"https:\/\/www.europesays.com\/africa\/wp-json\/wp\/v2\/posts\/27433\/revisions"}],"wp:featuredmedia":[{"embeddable":true,"href":"https:\/\/www.europesays.com\/africa\/wp-json\/wp\/v2\/media\/27434"}],"wp:attachment":[{"href":"https:\/\/www.europesays.com\/africa\/wp-json\/wp\/v2\/media?parent=27433"}],"wp:term":[{"taxonomy":"category","embeddable":true,"href":"https:\/\/www.europesays.com\/africa\/wp-json\/wp\/v2\/categories?post=27433"},{"taxonomy":"post_tag","embeddable":true,"href":"https:\/\/www.europesays.com\/africa\/wp-json\/wp\/v2\/tags?post=27433"}],"curies":[{"name":"wp","href":"https:\/\/api.w.org\/{rel}","templated":true}]}}