{"id":27458,"date":"2026-01-16T16:20:35","date_gmt":"2026-01-16T16:20:35","guid":{"rendered":"https:\/\/www.europesays.com\/africa\/27458\/"},"modified":"2026-01-16T16:20:35","modified_gmt":"2026-01-16T16:20:35","slug":"une-tentative-de-vol-mene-au-demantelement-dun-repaire-criminel","status":"publish","type":"post","link":"https:\/\/www.europesays.com\/africa\/27458\/","title":{"rendered":"Une tentative de vol m\u00e8ne au d\u00e9mant\u00e8lement d\u2019un repaire criminel"},"content":{"rendered":"<p class=\"firstp\">Une simple tentative de vol s\u2019est transform\u00e9e en un important coup de filet policier dans la nuit du 14 au 15 janvier \u00e0 Pikine. Profitant de l\u2019euphorie li\u00e9e aux c\u00e9l\u00e9brations de la victoire du S\u00e9n\u00e9gal face \u00e0 l\u2019\u00c9gypte, trois individus ont agress\u00e9 une femme aux abords du march\u00e9 dit \u00ab Syndicat \u00bb.<\/p>\n<p class=\"isSelectedEnd\">Alert\u00e9es par les cris de la victime et l\u2019intervention de riverains, les forces de l\u2019ordre sont rapidement intervenues, parvenant \u00e0 interpeller l\u2019un des suspects, identifi\u00e9 comme I. Ndiaye. Plac\u00e9 en garde \u00e0 vue, ce dernier a conduit les enqu\u00eateurs jusqu\u2019\u00e0 son domicile, ouvrant ainsi la voie \u00e0 une d\u00e9couverte bien plus large.\n<\/p>\n<p class=\"isSelectedEnd\">Selon L\u2019Observateur, la <a href=\"https:\/\/www.senenews.com\/actualites\/tentative-de-vol-ratee-a-nguekhokh-un-chanteur-religieux-tres-respecte-implique_534387.html\" rel=\"nofollow noopener\" target=\"_blank\">perquisition<\/a> effectu\u00e9e sur place a permis la saisie de 60 cornets de chanvre indien, de 1,2 kilogramme de drogue en vrac ainsi que de trois motos d\u00e9clar\u00e9es vol\u00e9es. Sur les lieux, un complice, S. S. Diouf, a \u00e9galement \u00e9t\u00e9 interpell\u00e9 en flagrant d\u00e9lit de conditionnement de drogue.\n<\/p>\n<p class=\"isSelectedEnd\">Plusieurs membres de la famille pr\u00e9sents au moment de l\u2019op\u00e9ration ont \u00e9t\u00e9 auditionn\u00e9s avant d\u2019\u00eatre rel\u00e2ch\u00e9s, faute d\u2019\u00e9l\u00e9ments probants \u00e0 leur encontre.\n<\/p>\n<p class=\"isSelectedEnd\">\u00c0 l\u2019issue de l\u2019enqu\u00eate pr\u00e9liminaire, I. Ndiaye et S. S. Diouf devraient \u00eatre d\u00e9f\u00e9r\u00e9s au parquet pour vol en r\u00e9union et trafic de drogue. Quant aux deux autres agresseurs, dont l\u2019un \u00e9tait arm\u00e9 lors de l\u2019attaque, ils sont toujours activement recherch\u00e9s par la police.<\/p>\n<p>Cette affaire illustre une nouvelle fois comment une intervention rapide peut conduire \u00e0 la mise au jour de r\u00e9seaux criminels op\u00e9rant au c\u0153ur des quartiers populaires.<\/p>\n","protected":false},"excerpt":{"rendered":"Une simple tentative de vol s\u2019est transform\u00e9e en un important coup de filet policier dans la nuit du&hellip;\n","protected":false},"author":2,"featured_media":27459,"comment_status":"","ping_status":"","sticky":false,"template":"","format":"standard","meta":{"footnotes":""},"categories":[48],"tags":[159,163,239,16803],"class_list":{"0":"post-27458","1":"post","2":"type-post","3":"status-publish","4":"format-standard","5":"has-post-thumbnail","7":"category-senegal","8":"tag-senegal","9":"tag-senegal-actualites","10":"tag-societe","11":"tag-tentative-de-vol"},"share_on_mastodon":{"url":"","error":""},"_links":{"self":[{"href":"https:\/\/www.europesays.com\/africa\/wp-json\/wp\/v2\/posts\/27458","targetHints":{"allow":["GET"]}}],"collection":[{"href":"https:\/\/www.europesays.com\/africa\/wp-json\/wp\/v2\/posts"}],"about":[{"href":"https:\/\/www.europesays.com\/africa\/wp-json\/wp\/v2\/types\/post"}],"author":[{"embeddable":true,"href":"https:\/\/www.europesays.com\/africa\/wp-json\/wp\/v2\/users\/2"}],"replies":[{"embeddable":true,"href":"https:\/\/www.europesays.com\/africa\/wp-json\/wp\/v2\/comments?post=27458"}],"version-history":[{"count":0,"href":"https:\/\/www.europesays.com\/africa\/wp-json\/wp\/v2\/posts\/27458\/revisions"}],"wp:featuredmedia":[{"embeddable":true,"href":"https:\/\/www.europesays.com\/africa\/wp-json\/wp\/v2\/media\/27459"}],"wp:attachment":[{"href":"https:\/\/www.europesays.com\/africa\/wp-json\/wp\/v2\/media?parent=27458"}],"wp:term":[{"taxonomy":"category","embeddable":true,"href":"https:\/\/www.europesays.com\/africa\/wp-json\/wp\/v2\/categories?post=27458"},{"taxonomy":"post_tag","embeddable":true,"href":"https:\/\/www.europesays.com\/africa\/wp-json\/wp\/v2\/tags?post=27458"}],"curies":[{"name":"wp","href":"https:\/\/api.w.org\/{rel}","templated":true}]}}