{"id":2763,"date":"2026-01-04T13:10:33","date_gmt":"2026-01-04T13:10:33","guid":{"rendered":"https:\/\/www.europesays.com\/africa\/2763\/"},"modified":"2026-01-04T13:10:33","modified_gmt":"2026-01-04T13:10:33","slug":"can-2025-ou-et-quand-suivre-afrique-du-sud-cameroun","status":"publish","type":"post","link":"https:\/\/www.europesays.com\/africa\/2763\/","title":{"rendered":"CAN 2025: o\u00f9 et quand suivre Afrique du Sud-Cameroun"},"content":{"rendered":"<p class=\"default__StyledText-sc-10mj2vp-0 CxBBS body-paragraph\">L\u2019Afrique du Sud affronte, ce dimanche 4 janvier 2026 au Stade Al Medina de Rabat, le Cameroun pour le compte des huiti\u00e8mes de finale de la Coupe d\u2019Afrique des Nations 2025. Il s\u2019agit de l\u2019un des chocs de cette phase \u00e0 \u00e9limination directe.<\/p>\n<p class=\"default__StyledText-sc-10mj2vp-0 CxBBS body-paragraph\">Les Bafana Bafana ont atteint ce stade de la comp\u00e9tition en se classant deuxi\u00e8mes de leur groupe avec 6 points derri\u00e8re l\u2019Egypte (7 pts), \u00e0 la suite de deux victoires et une d\u00e9faite.<\/p>\n<p class=\"interstitial-link block-margin-bottom\">Lire aussi : <a href=\"https:\/\/sport.le360.ma\/football\/can\/can-2025-contre-les-bafana-bafana-david-pagou-appelle-a-la-concentration_T7NIXYHZARHZTJRI7ZEQS4NELY\/\" aria-label=\"Ouvrir un article associ\u00e9\" class=\"default__StyledLink-sc-10mj2vp-1 kkYPzd\" rel=\"nofollow noopener\" target=\"_blank\">CAN 2025: Contre les Bafana Bafana, David Pagou appelle \u00e0 la concentration<\/a><\/p>\n<p class=\"default__StyledText-sc-10mj2vp-0 CxBBS body-paragraph\">Pour leur part, les Lions Indomptables ont termin\u00e9 deuxi\u00e8mes ex aequo avec la C\u00f4te d\u2019Ivoire (7 points chacun), apr\u00e8s deux victoires et un nul mais avec un goal-average en leur d\u00e9faveur.<\/p>\n<p class=\"default__StyledText-sc-10mj2vp-0 CxBBS body-paragraph\">Pour les sp\u00e9cialistes du ballon rond africain, cette affiche promet un duel \u00e0 suspense entre deux s\u00e9lections \u00e0 la r\u00e9putation bien \u00e9tablie sur le continent, mais qui n\u2019ont pas encore d\u00e9voil\u00e9 leur meilleur visage depuis le d\u00e9but du tournoi.<\/p>\n<p class=\"interstitial-link block-margin-bottom\">Lire aussi : <a href=\"https:\/\/sport.le360.ma\/football\/can\/can-2025-hugo-broos-retrouve-le-cameroun-ce-match-est-special-pour-moi-mais-demain-je-veux-gagner_PM6PYLK26FFITOSPUCV3SWT2SA\/\" aria-label=\"Ouvrir un article associ\u00e9\" class=\"default__StyledLink-sc-10mj2vp-1 kkYPzd\" rel=\"nofollow noopener\" target=\"_blank\">CAN 2025. Hugo Broos retrouve le Cameroun: \u00abCe match est sp\u00e9cial pour moi. Mais demain, je veux gagner\u00bb<\/a><\/p>\n<p class=\"default__StyledText-sc-10mj2vp-0 CxBBS body-paragraph\">Ce huiti\u00e8me de finale sera \u00e9galement marqu\u00e9 par les retrouvailles avec Hugo Broos, ancien s\u00e9lectionneur du Cameroun, d\u00e9sormais \u00e0 la t\u00eate des Bafana Bafana. Malheureusement, ce dernier, au lieu de se focaliser sur la pr\u00e9paration des siens, ne cesse de pointer l\u2019organisation comme pr\u00e9parant le terrain \u00e0 d\u2019\u00e9ventuels arguments en cas d\u2019\u00e9limination.<\/p>\n<p class=\"default__StyledText-sc-10mj2vp-0 CxBBS body-paragraph\">En tout cas, un duel intense qui m\u00e9rite d\u2019\u00eatre suivi aussi bien pour l\u2019enjeu que la promesse d\u2019un grand spectacle. Et \u00e9galement pour conna\u00eetre l\u2019identit\u00e9 du probable futur adversaire des Lions de l\u2019Atlas en quarts de finale.<\/p>\n<p class=\"interstitial-link block-margin-bottom\">Lire aussi : <a href=\"https:\/\/sport.le360.ma\/football\/can\/maroc-tanzanie-a-quelle-heure-et-sur-quelles-chaines_7Z3GOOBVL5FXBMFZH3MKRN3FMM\/\" aria-label=\"Ouvrir un article associ\u00e9\" class=\"default__StyledLink-sc-10mj2vp-1 kkYPzd\" rel=\"nofollow noopener\" target=\"_blank\">Maroc-Tanzanie: \u00e0 quelle heure et sur quelles cha\u00eenes?<\/a><\/p>\n<p class=\"default__StyledText-sc-10mj2vp-0 CxBBS body-paragraph\">Afrique du Sud-Cameroun est \u00e0 suivre en direct \u00e0 partir de 20h sur Arryadia TNT, beIN Sports, Canal+ Afrique, Movistar, Channel 4, Ziggo Sport, Sport Italia\u2026<\/p>\n<p lang=\"fr\">Afrique du Sud-Zimbabwe, 3e journ\u00e9e de la Can 2025, au Grand Stade de Marrakech<\/p>\n<p><img loading=\"lazy\" decoding=\"async\" src=\"https:\/\/sport.le360.ma\/pf\/resources\/images\/back.svg?d=289\" width=\"10\" height=\"20\"\/><img loading=\"lazy\" decoding=\"async\" src=\"https:\/\/sport.le360.ma\/pf\/resources\/images\/next.svg?d=289\" width=\"10\" height=\"20\"\/><img loading=\"lazy\" decoding=\"async\" src=\"https:\/\/sport.le360.ma\/pf\/resources\/images\/fullscreen.svg?d=289\" width=\"28\" height=\"28\"\/><img loading=\"lazy\" decoding=\"async\" src=\"https:\/\/sport.le360.ma\/pf\/resources\/images\/pause.svg?d=289\" width=\"30\" height=\"30\"\/><\/p>\n","protected":false},"excerpt":{"rendered":"L\u2019Afrique du Sud affronte, ce dimanche 4 janvier 2026 au Stade Al Medina de Rabat, le Cameroun pour&hellip;\n","protected":false},"author":2,"featured_media":2764,"comment_status":"","ping_status":"","sticky":false,"template":"","format":"standard","meta":{"footnotes":""},"categories":[62],"tags":[64,356,381,179,2490,623,2491],"class_list":{"0":"post-2763","1":"post","2":"type-post","3":"status-publish","4":"format-standard","5":"has-post-thumbnail","7":"category-afrique","8":"tag-afrique","9":"tag-afrique-du-sud","10":"tag-cameroun","11":"tag-can-2025","12":"tag-coupe-d-afrique-des-nations","13":"tag-en-direct","14":"tag-streaming"},"share_on_mastodon":{"url":"","error":""},"_links":{"self":[{"href":"https:\/\/www.europesays.com\/africa\/wp-json\/wp\/v2\/posts\/2763","targetHints":{"allow":["GET"]}}],"collection":[{"href":"https:\/\/www.europesays.com\/africa\/wp-json\/wp\/v2\/posts"}],"about":[{"href":"https:\/\/www.europesays.com\/africa\/wp-json\/wp\/v2\/types\/post"}],"author":[{"embeddable":true,"href":"https:\/\/www.europesays.com\/africa\/wp-json\/wp\/v2\/users\/2"}],"replies":[{"embeddable":true,"href":"https:\/\/www.europesays.com\/africa\/wp-json\/wp\/v2\/comments?post=2763"}],"version-history":[{"count":0,"href":"https:\/\/www.europesays.com\/africa\/wp-json\/wp\/v2\/posts\/2763\/revisions"}],"wp:featuredmedia":[{"embeddable":true,"href":"https:\/\/www.europesays.com\/africa\/wp-json\/wp\/v2\/media\/2764"}],"wp:attachment":[{"href":"https:\/\/www.europesays.com\/africa\/wp-json\/wp\/v2\/media?parent=2763"}],"wp:term":[{"taxonomy":"category","embeddable":true,"href":"https:\/\/www.europesays.com\/africa\/wp-json\/wp\/v2\/categories?post=2763"},{"taxonomy":"post_tag","embeddable":true,"href":"https:\/\/www.europesays.com\/africa\/wp-json\/wp\/v2\/tags?post=2763"}],"curies":[{"name":"wp","href":"https:\/\/api.w.org\/{rel}","templated":true}]}}