{"id":2769,"date":"2026-01-04T13:13:08","date_gmt":"2026-01-04T13:13:08","guid":{"rendered":"https:\/\/www.europesays.com\/africa\/2769\/"},"modified":"2026-01-04T13:13:08","modified_gmt":"2026-01-04T13:13:08","slug":"ol-1-3-niakhate-a-chambre-camara-avec-le-senegal","status":"publish","type":"post","link":"https:\/\/www.europesays.com\/africa\/2769\/","title":{"rendered":"OL (1-3) : Niakhat\u00e9 a chambr\u00e9 Camara avec le S\u00e9n\u00e9gal"},"content":{"rendered":"<p>                            <img width=\"770\" height=\"433\" src=\"https:\/\/www.europesays.com\/africa\/wp-content\/uploads\/2026\/01\/AFP__20251116__2246917410__v2__HighRes__BrazilVSenegalInternationalFriendly-e1766819141208-770x433.j.jpeg\" class=\"attachment-article size-article wp-post-image\" alt=\"Moussa Niakhat\u00e9 avec le S\u00e9n\u00e9gal\" decoding=\"async\" fetchpriority=\"high\"  \/><\/p>\n<p>Moussa Niakhat\u00e9 avec le S\u00e9n\u00e9gal (Photo by RYAN PIERSE \/ GETTY IMAGES EUROPE \/ Getty Images via AFP)<\/p>\n<p>Vainqueur du Soudan samedi soir, le S\u00e9n\u00e9gal a valid\u00e9 son ticket pour les quarts de finale. Un samedi parfait pour Moussa Niakhat\u00e9 qui en a profit\u00e9 pour chambrer Lamine Camara, le milieu de Monaco apr\u00e8s la victoire de l\u2019OL.<\/p>\n<p>En m\u00eame temps que l\u2019OL<a href=\"https:\/\/www.olympique-et-lyonnais.com\/solide-en-2e-periode-lol-lemporte-a-monaco-1-3,387817.html\" rel=\"nofollow noopener\" target=\"_blank\"> prenait le meilleur <\/a>sur Monaco, le S\u00e9n\u00e9gal ne tremblait pas pour son huiti\u00e8me de finale de la CAN. Face au Soudan, les Lions de la Teranga ont valid\u00e9 leur ticket pour les quarts malgr\u00e9 quelques moments de flottement. Seulement, l\u2019objectif a \u00e9t\u00e9 rempli et ce fut un samedi parfait pour Moussa Niakhat\u00e9. De retour dans le onze s\u00e9n\u00e9galais, il a disput\u00e9 les 90 minutes et a donc pu regarder avec le sourire le r\u00e9sultat de l\u2019OL une fois son match termin\u00e9. Pas de mauvaise surprise avec l\u00e0 aussi une victoire 3-1 des Lyonnais sur le Rocher.<\/p>\n<p>&#8220;C&#8217;est une soir\u00e9e parfaite&#8221;<\/p>\n<p>En regardant le match en diff\u00e9r\u00e9, Niakhat\u00e9 pourra certainement voir que Ruben Kluivert a <a href=\"https:\/\/www.olympique-et-lyonnais.com\/monaco-ol-1-3-top-flop-ce-quil-faut-retenir,387833.html\" rel=\"nofollow noopener\" target=\"_blank\">parfaitement assur\u00e9<\/a> dans son r\u00f4le de doublure. Mais samedi soir, il avait surtout \u00e0 c\u0153ur de chambrer deux de ses compatriotes. Kr\u00e9pin Diatta et Lamine Camara sont aussi au Maroc pour repr\u00e9senter le S\u00e9n\u00e9gal mais portent le maillot de l\u2019AS Monaco le reste de la saison. Alors forc\u00e9ment, il risque d\u2019y avoir eu quelques piques de la part du Lyonnais pour c\u00e9l\u00e9brer le succ\u00e8s lyonnais.\u00a0&#8220;C\u2019est une soir\u00e9e parfaite. Mes deux \u00e9quipes ont gagn\u00e9 3-1 donc je suis tr\u00e8s content. Il y a Lamine Camara qui va arriver dans quelques minutes pour \u00eatre chambr\u00e9 parce qu\u2019on les a battus 3-1 l\u00e0-bas.&#8221; Pour le retour \u00e0 D\u00e9cines du d\u00e9fenseur, il faudra patienter encore un peu.<\/p>\n<p>\t\t\t\t\t<a href=\"https:\/\/www.olympique-et-lyonnais.com\/tolisso-salue-latmosphere-plus-saine-a-lol,387903.html\" title=\"Tolisso salue &quot;l\u2019atmosph\u00e8re plus saine&quot; \u00e0 l\u2019OL\" rel=\"nofollow noopener\" target=\"_blank\"><img loading=\"lazy\" width=\"580\" height=\"326\" src=\"https:\/\/www.europesays.com\/africa\/wp-content\/uploads\/2026\/01\/AFP__20250823__72B87RM__v4__HighRes__FblFraLigue1LyonMetz-e1766650267830-580x326.jpg\" class=\"attachment-actularge size-actularge wp-post-image\" alt=\"Corentin Tolisso (OL) face \u00e0 Giorgi Tsitaishvili (FC Metz)\" decoding=\"async\"  \/>\t\t\t\t\t<\/a><\/p>\n","protected":false},"excerpt":{"rendered":"Moussa Niakhat\u00e9 avec le S\u00e9n\u00e9gal (Photo by RYAN PIERSE \/ GETTY IMAGES EUROPE \/ Getty Images via AFP)&hellip;\n","protected":false},"author":2,"featured_media":730,"comment_status":"","ping_status":"","sticky":false,"template":"","format":"standard","meta":{"footnotes":""},"categories":[48],"tags":[1216,1385,2492,159],"class_list":{"0":"post-2769","1":"post","2":"type-post","3":"status-publish","4":"format-standard","5":"has-post-thumbnail","7":"category-senegal","8":"tag-ligue-1","9":"tag-ol","10":"tag-olympique-lyonnais","11":"tag-senegal"},"share_on_mastodon":{"url":"","error":""},"_links":{"self":[{"href":"https:\/\/www.europesays.com\/africa\/wp-json\/wp\/v2\/posts\/2769","targetHints":{"allow":["GET"]}}],"collection":[{"href":"https:\/\/www.europesays.com\/africa\/wp-json\/wp\/v2\/posts"}],"about":[{"href":"https:\/\/www.europesays.com\/africa\/wp-json\/wp\/v2\/types\/post"}],"author":[{"embeddable":true,"href":"https:\/\/www.europesays.com\/africa\/wp-json\/wp\/v2\/users\/2"}],"replies":[{"embeddable":true,"href":"https:\/\/www.europesays.com\/africa\/wp-json\/wp\/v2\/comments?post=2769"}],"version-history":[{"count":0,"href":"https:\/\/www.europesays.com\/africa\/wp-json\/wp\/v2\/posts\/2769\/revisions"}],"wp:featuredmedia":[{"embeddable":true,"href":"https:\/\/www.europesays.com\/africa\/wp-json\/wp\/v2\/media\/730"}],"wp:attachment":[{"href":"https:\/\/www.europesays.com\/africa\/wp-json\/wp\/v2\/media?parent=2769"}],"wp:term":[{"taxonomy":"category","embeddable":true,"href":"https:\/\/www.europesays.com\/africa\/wp-json\/wp\/v2\/categories?post=2769"},{"taxonomy":"post_tag","embeddable":true,"href":"https:\/\/www.europesays.com\/africa\/wp-json\/wp\/v2\/tags?post=2769"}],"curies":[{"name":"wp","href":"https:\/\/api.w.org\/{rel}","templated":true}]}}