{"id":27697,"date":"2026-01-16T18:41:09","date_gmt":"2026-01-16T18:41:09","guid":{"rendered":"https:\/\/www.europesays.com\/africa\/27697\/"},"modified":"2026-01-16T18:41:09","modified_gmt":"2026-01-16T18:41:09","slug":"le-maroc-et-la-mauritanie-en-quete-dun-sursaut-commercial-au-dela-de-33-mmdh-dechanges","status":"publish","type":"post","link":"https:\/\/www.europesays.com\/africa\/27697\/","title":{"rendered":"Le Maroc et la Mauritanie en qu\u00eate d&#8217;un sursaut commercial au del\u00e0 de 3,3 MMDH d&#8217;\u00e9changes"},"content":{"rendered":"<p class=\"text-base font-normal md:text-lg 2xl:text-xl text-[#646A7A] dark:text-[#d7d7d7] font-grotesk\">Le renforcement des \u00e9changes \u00e9conomiques et commerciaux entre le Maroc et la Mauritanie a \u00e9t\u00e9 au centre d&#8217;entretiens, vendredi \u00e0 Rabat, entre le secr\u00e9taire d\u2019\u00c9tat charg\u00e9 du Commerce ext\u00e9rieur, Omar Hejira, et une d\u00e9l\u00e9gation du Patronat de la Mauritanie, conduite par le pr\u00e9sident de l&#8217;Union nationale du Patronat mauritanien (UNPM), Mohamed Zeine El Abidine Ould Cheikh Ahmed.<\/p>\n","protected":false},"excerpt":{"rendered":"Le renforcement des \u00e9changes \u00e9conomiques et commerciaux entre le Maroc et la Mauritanie a \u00e9t\u00e9 au centre d&#8217;entretiens,&hellip;\n","protected":false},"author":2,"featured_media":27698,"comment_status":"","ping_status":"","sticky":false,"template":"","format":"standard","meta":{"footnotes":""},"categories":[41],"tags":[16953,16860,3953,16952,158,16954,16861,16955],"class_list":{"0":"post-27697","1":"post","2":"type-post","3":"status-publish","4":"format-standard","5":"has-post-thumbnail","7":"category-maroc","8":"tag-actu-maroc","9":"tag-actualites-maroc","10":"tag-commerce","11":"tag-le-maroc-et-la-mauritanie","12":"tag-maroc","13":"tag-mauritanie","14":"tag-news-morocco","15":"tag-omar-hejira"},"share_on_mastodon":{"url":"","error":""},"_links":{"self":[{"href":"https:\/\/www.europesays.com\/africa\/wp-json\/wp\/v2\/posts\/27697","targetHints":{"allow":["GET"]}}],"collection":[{"href":"https:\/\/www.europesays.com\/africa\/wp-json\/wp\/v2\/posts"}],"about":[{"href":"https:\/\/www.europesays.com\/africa\/wp-json\/wp\/v2\/types\/post"}],"author":[{"embeddable":true,"href":"https:\/\/www.europesays.com\/africa\/wp-json\/wp\/v2\/users\/2"}],"replies":[{"embeddable":true,"href":"https:\/\/www.europesays.com\/africa\/wp-json\/wp\/v2\/comments?post=27697"}],"version-history":[{"count":0,"href":"https:\/\/www.europesays.com\/africa\/wp-json\/wp\/v2\/posts\/27697\/revisions"}],"wp:featuredmedia":[{"embeddable":true,"href":"https:\/\/www.europesays.com\/africa\/wp-json\/wp\/v2\/media\/27698"}],"wp:attachment":[{"href":"https:\/\/www.europesays.com\/africa\/wp-json\/wp\/v2\/media?parent=27697"}],"wp:term":[{"taxonomy":"category","embeddable":true,"href":"https:\/\/www.europesays.com\/africa\/wp-json\/wp\/v2\/categories?post=27697"},{"taxonomy":"post_tag","embeddable":true,"href":"https:\/\/www.europesays.com\/africa\/wp-json\/wp\/v2\/tags?post=27697"}],"curies":[{"name":"wp","href":"https:\/\/api.w.org\/{rel}","templated":true}]}}