{"id":2798,"date":"2026-01-04T13:28:11","date_gmt":"2026-01-04T13:28:11","guid":{"rendered":"https:\/\/www.europesays.com\/africa\/2798\/"},"modified":"2026-01-04T13:28:11","modified_gmt":"2026-01-04T13:28:11","slug":"drame-en-pleine-can-2025-le-maroc-perd-une-de-ses-legendes","status":"publish","type":"post","link":"https:\/\/www.europesays.com\/africa\/2798\/","title":{"rendered":"Drame en pleine CAN 2025, le Maroc perd une de ses l\u00e9gendes"},"content":{"rendered":"<p>En pleine Coupe d\u2019Afrique des nations 2025, le football marocain est en deuil avec le d\u00e9c\u00e8s d\u2019Ahmed Moujahid, comme l\u2019a annonc\u00e9 la F\u00e9d\u00e9ration Royale Marocaine de Football (FRMF). Ancien international et joueur du Wydad Athletic Club, Moujahid reste une figure embl\u00e9matique du football national.<\/p>\n<p>Il faisait partie de la g\u00e9n\u00e9ration sacr\u00e9e qui offrit au Maroc son unique titre continental en 1976, en \u00c9thiopie. D\u00e9fenseur reconnu pour sa rigueur et son sens du collectif, il incarnait une g\u00e9n\u00e9ration b\u00e2tisseuse qui a permis au Maroc de s\u2019imposer durablement parmi les grandes nations africaines. Ce sacre historique reste un rep\u00e8re fondateur pour plusieurs g\u00e9n\u00e9rations de joueurs et de supporters.<\/p>\n<p>Moujahid, personnalit\u00e9 marquante du football marocain<\/p>\n<p>La disparition de Moujahid survient dans un contexte symbolique, alors que le Maroc dispute actuellement la CAN 2025 \u00e0 domicile, quelques mois apr\u00e8s le d\u00e9c\u00e8s d\u2019Ahmed Faras. Elle rappelle le lien entre les pionniers du football marocain et les Lions de l\u2019Atlas actuels, engag\u00e9s dans la qu\u00eate d\u2019un deuxi\u00e8me sacre continental.<\/p>\n<p>Dans son communiqu\u00e9, la FRMF a pr\u00e9sent\u00e9 ses condol\u00e9ances \u00e0 la famille et aux proches, saluant la m\u00e9moire d\u2019un homme qui a profond\u00e9ment marqu\u00e9 l\u2019histoire du football marocain. Ahmed Moujahid restera \u00e0 jamais associ\u00e9 \u00e0 l\u2019une des plus grandes pages du sport national.<\/p>\n<p>   Partagez cette info avec vos amis et vos proches en cliquant ici<br \/> Pour r\u00e9sumer<\/p>\n<p>Le Maroc est en deuil : Ahmed Moujahid, ancien international et champion d\u2019Afrique 1976, est d\u00e9c\u00e9d\u00e9 le 3 janvier 2026. D\u00e9fenseur rigoureux et pilier de la g\u00e9n\u00e9ration sacr\u00e9e, il laisse une empreinte ind\u00e9l\u00e9bile dans l\u2019histoire du football marocain. La FRMF pr\u00e9sente ses condol\u00e9ances \u00e0 sa famille et ses proches.<\/p>\n<p>R\u00e9dacteur<\/p>\n<p><img decoding=\"async\" width=\"76\" height=\"76\" loading=\"lazy\" src=\"https:\/\/www.europesays.com\/africa\/wp-content\/uploads\/2026\/01\/avatar-onze.webp.webp\" alt=\"La r\u00e9daction\"\/><\/p>\n","protected":false},"excerpt":{"rendered":"En pleine Coupe d\u2019Afrique des nations 2025, le football marocain est en deuil avec le d\u00e9c\u00e8s d\u2019Ahmed Moujahid,&hellip;\n","protected":false},"author":2,"featured_media":2799,"comment_status":"","ping_status":"","sticky":false,"template":"","format":"standard","meta":{"footnotes":""},"categories":[41],"tags":[360,158],"class_list":{"0":"post-2798","1":"post","2":"type-post","3":"status-publish","4":"format-standard","5":"has-post-thumbnail","7":"category-maroc","8":"tag-can","9":"tag-maroc"},"share_on_mastodon":{"url":"","error":""},"_links":{"self":[{"href":"https:\/\/www.europesays.com\/africa\/wp-json\/wp\/v2\/posts\/2798","targetHints":{"allow":["GET"]}}],"collection":[{"href":"https:\/\/www.europesays.com\/africa\/wp-json\/wp\/v2\/posts"}],"about":[{"href":"https:\/\/www.europesays.com\/africa\/wp-json\/wp\/v2\/types\/post"}],"author":[{"embeddable":true,"href":"https:\/\/www.europesays.com\/africa\/wp-json\/wp\/v2\/users\/2"}],"replies":[{"embeddable":true,"href":"https:\/\/www.europesays.com\/africa\/wp-json\/wp\/v2\/comments?post=2798"}],"version-history":[{"count":0,"href":"https:\/\/www.europesays.com\/africa\/wp-json\/wp\/v2\/posts\/2798\/revisions"}],"wp:featuredmedia":[{"embeddable":true,"href":"https:\/\/www.europesays.com\/africa\/wp-json\/wp\/v2\/media\/2799"}],"wp:attachment":[{"href":"https:\/\/www.europesays.com\/africa\/wp-json\/wp\/v2\/media?parent=2798"}],"wp:term":[{"taxonomy":"category","embeddable":true,"href":"https:\/\/www.europesays.com\/africa\/wp-json\/wp\/v2\/categories?post=2798"},{"taxonomy":"post_tag","embeddable":true,"href":"https:\/\/www.europesays.com\/africa\/wp-json\/wp\/v2\/tags?post=2798"}],"curies":[{"name":"wp","href":"https:\/\/api.w.org\/{rel}","templated":true}]}}