{"id":2818,"date":"2026-01-04T13:38:10","date_gmt":"2026-01-04T13:38:10","guid":{"rendered":"https:\/\/www.europesays.com\/africa\/2818\/"},"modified":"2026-01-04T13:38:10","modified_gmt":"2026-01-04T13:38:10","slug":"la-foudre-frappe-150-personnes-dans-un-festival-en-afrique-du-sud-deux-ont-perdu-la-vie","status":"publish","type":"post","link":"https:\/\/www.europesays.com\/africa\/2818\/","title":{"rendered":"La foudre frappe 150 personnes dans un festival en Afrique du Sud\u00a0: deux ont perdu la vie"},"content":{"rendered":"<p>  \tFoudre meurtri\u00e8re en Afrique du Sud\u00a0: deux morts et 150 bless\u00e9s lors d\u2019un festival traditionnel frapp\u00e9 par un orage pr\u00e8s de Pretoria. Le pays, sous influence de La Ni\u00f1a, fait face \u00e0 des conditions m\u00e9t\u00e9o de plus en plus extr\u00eames.<\/p>\n<p>&#13;<br \/>\n&#13;<\/p>\n<p>La foudre a frapp\u00e9 150 personnes r\u00e9unies lors d\u2019un festival en Afrique du Sud et en a tu\u00e9 deux, ont indiqu\u00e9 dimanche les services de sant\u00e9 de la province du Nord-Ouest dans un communiqu\u00e9.<\/p>\n<p>L\u2019incident s\u2019est produit pr\u00e8s du village de Mathibestad, situ\u00e9 \u00e0 environ 70 km au nord de Pretoria, o\u00f9 une f\u00eate traditionnelle se tient chaque ann\u00e9e.<\/p>\n<p>&#13;<br \/>\n&#13;<\/p>\n<p>&#13;<br \/>\n&#13;<\/p>\n<p>\u00ab\u00a0Au total, 150 patients se sont pr\u00e9sent\u00e9s \u00e0 la clinique Mathibestad apr\u00e8s avoir \u00e9t\u00e9 atteints par la foudre pendant l\u2019\u00e9v\u00e9nement. 13 patients dans un \u00e9tat critique ont \u00e9t\u00e9 transf\u00e9r\u00e9s \u00e0 l\u2019h\u00f4pital Jubilee pour y \u00eatre pris en charge pour diverses blessures. Deux patients \u00e9taient d\u00e9c\u00e9d\u00e9s \u00e0 leur admission et sont en attente des services m\u00e9dico-l\u00e9gaux\u00a0\u00bb, d\u00e9taille le communiqu\u00e9. La \u00ab\u00a0majorit\u00e9 des patients\u00a0\u00bb souffrent de \u00ab\u00a0br\u00fblures l\u00e9g\u00e8res li\u00e9es \u00e0 la foudre\u00a0\u00bb, selon la m\u00eame source.<\/p>\n<p>Les orages sont courants dans cette partie de l\u2019Afrique du Sud lors de l\u2019\u00e9t\u00e9 austral. Apr\u00e8s le ph\u00e9nom\u00e8ne climatique El Ni\u00f1o, principal facteur ayant caus\u00e9 la grave s\u00e9cheresse qui a affect\u00e9 l\u2019Afrique australe en 2024, le pays doit basculer ces mois-ci vers le ph\u00e9nom\u00e8ne inverse, La Ni\u00f1a.<\/p>\n<p>\n  &#13;<br \/>\n  \u00c0 lire aussi&#13;<br \/>\n  &#13;<\/p>\n<p>  <img decoding=\"async\" data-copyright=\"AFP\" class=\"r-img\"  typeof=\"foaf:Image\" src=\"https:\/\/www.europesays.com\/africa\/wp-content\/uploads\/2026\/01\/57883081.jpeg\" alt=\"Afrique du Sud.jpg\"\/><br \/>\n        <a class=\"r-stories--link\" href=\"https:\/\/www.rtl.be\/actu\/monde\/international\/abattues-au-hasard-10-personnes-ont-ete-tuees-en-pleine-rue-pres-de-johannesburg\/2025-12-21\/article\/774180\" rel=\"nofollow noopener\" target=\"_blank\">\u00ab\u00a0Abattues au hasard\u00a0\u00bb\u00a0: 10 personnes ont \u00e9t\u00e9 tu\u00e9es en pleine rue pr\u00e8s de Johannesburg<\/a>&#13;<br \/>\n  &#13;<br \/>\n&#13;\n<\/p>\n<p>\u00ab\u00a0L\u2019effet habituel de La Ni\u00f1a sur l\u2019Afrique du Sud est une probabilit\u00e9 accrue de pr\u00e9cipitations sup\u00e9rieures \u00e0 la normale dans le nord-est du pays pendant l\u2019\u00e9t\u00e9\u00a0\u00bb, indiquaient les services m\u00e9t\u00e9orologiques sud-africains lors de leur bulletin saisonnier dat\u00e9 du 30 novembre.<\/p>\n<p>&#13;<br \/>\n&#13;<\/p>\n<p>&#13;<br \/>\n&#13;<\/p>\n","protected":false},"excerpt":{"rendered":"Foudre meurtri\u00e8re en Afrique du Sud\u00a0: deux morts et 150 bless\u00e9s lors d\u2019un festival traditionnel frapp\u00e9 par un&hellip;\n","protected":false},"author":2,"featured_media":2819,"comment_status":"","ping_status":"","sticky":false,"template":"","format":"standard","meta":{"footnotes":""},"categories":[62],"tags":[64,2523],"class_list":{"0":"post-2818","1":"post","2":"type-post","3":"status-publish","4":"format-standard","5":"has-post-thumbnail","7":"category-afrique","8":"tag-afrique","9":"tag-rtl-info"},"share_on_mastodon":{"url":"","error":""},"_links":{"self":[{"href":"https:\/\/www.europesays.com\/africa\/wp-json\/wp\/v2\/posts\/2818","targetHints":{"allow":["GET"]}}],"collection":[{"href":"https:\/\/www.europesays.com\/africa\/wp-json\/wp\/v2\/posts"}],"about":[{"href":"https:\/\/www.europesays.com\/africa\/wp-json\/wp\/v2\/types\/post"}],"author":[{"embeddable":true,"href":"https:\/\/www.europesays.com\/africa\/wp-json\/wp\/v2\/users\/2"}],"replies":[{"embeddable":true,"href":"https:\/\/www.europesays.com\/africa\/wp-json\/wp\/v2\/comments?post=2818"}],"version-history":[{"count":0,"href":"https:\/\/www.europesays.com\/africa\/wp-json\/wp\/v2\/posts\/2818\/revisions"}],"wp:featuredmedia":[{"embeddable":true,"href":"https:\/\/www.europesays.com\/africa\/wp-json\/wp\/v2\/media\/2819"}],"wp:attachment":[{"href":"https:\/\/www.europesays.com\/africa\/wp-json\/wp\/v2\/media?parent=2818"}],"wp:term":[{"taxonomy":"category","embeddable":true,"href":"https:\/\/www.europesays.com\/africa\/wp-json\/wp\/v2\/categories?post=2818"},{"taxonomy":"post_tag","embeddable":true,"href":"https:\/\/www.europesays.com\/africa\/wp-json\/wp\/v2\/tags?post=2818"}],"curies":[{"name":"wp","href":"https:\/\/api.w.org\/{rel}","templated":true}]}}