{"id":28279,"date":"2026-01-17T01:48:08","date_gmt":"2026-01-17T01:48:08","guid":{"rendered":"https:\/\/www.europesays.com\/africa\/28279\/"},"modified":"2026-01-17T01:48:08","modified_gmt":"2026-01-17T01:48:08","slug":"souss-massa-nizar-baraka-preside-le-conseil-dadministration-de-lagence-du-bassin-hydraulique-lopinion-maroc","status":"publish","type":"post","link":"https:\/\/www.europesays.com\/africa\/28279\/","title":{"rendered":"Souss-Massa : Nizar Baraka pr\u00e9side le Conseil d\u2019administration de l\u2019Agence du bassin hydraulique &#8211; L&#039;Opinion Maroc"},"content":{"rendered":"<p><a href=\"https:\/\/news.google.com\/rss\/articles\/CBMiigJBVV95cUxNUXdiWVdmOXNhcmN4VC1tYkpmOVJZVlowSXVxTEFvMWVTZ2IwdklJSkljLUxyN0pFOUZ2RmNRMTBPSEN1eTdyWkFuSERhWFRlcUdsRDRSZlZQOFpDRjl2SENyNTN5QzY1Y3dVdUl5c2hodzNWSUt4X0U2amtUWEd2ZkhPbUtsNnBjMXduM3czYzhLNkM3R3lMcWg2T2w0QjJyY2ZTWE1UclFPMnhEZFNBRGx1WlZ3TjJmblRjbVlEanowZDhjR3pvTUk0SEtvWkJxTm5hVjNQOTdMd3JoMFBwZ2FMN1pGTzZ2ZU9kVFoteDJycjJFRG1iOW9HVmhCSlBvVGhQWmMtdVRTZw?oc=5\" target=\"_blank\" rel=\"nofollow noopener\">Souss-Massa : Nizar Baraka pr\u00e9side le Conseil d\u2019administration de l\u2019Agence du bassin hydraulique<\/a>&nbsp;&nbsp;L&#8217;Opinion Maroc<a href=\"https:\/\/news.google.com\/rss\/articles\/CBMingFBVV95cUxNVk1mOXlrdHdmOC00Q20xVDJyWExfZXNRNnFjRndCR19LWERjc19jeW1WazlsMVhuNjV2ZEhlblNxQ1JYRk14cEhGdmNqT1BWdno2blNDZWdTV1dVUENiMnRCU3c3QUxpTkpoaFU2WUFFNVpTUkRLYUw1LXVQemJscXRDcnBhOU5ZR0w2d2Jfd3BUZ2VRdEFTeEFCaGtadw?oc=5\" target=\"_blank\" rel=\"nofollow noopener\">Barrages : l\u2019application nationale de suivi des retenues sera mise \u00e0 niveau<\/a>&nbsp;&nbsp;Le Desk<a href=\"https:\/\/news.google.com\/rss\/articles\/CBMigAJBVV95cUxNdjVXRDhoXzdMdHc2WmpBVUhqQlhMSE1aRDBkMndpR3hlODQyYktTZWh0VzJwTm1FUjhnSWJGZ3lSaS1zUFVHZEhRUUxyR3pNZm5MV1ZnMkNpRm4tOXZ4aUh0SEJoREFESEhNM3ZVX0M4eDZ5dUJtMHhmRkZENkJUaWd5alF3aVBkWFIwVzdvUERPU3F0S0JsMGZ1Ynh4WExDSkVCTTFqSENnbXJZTlh4dmlGcGhESEFlTU9rYnlGRDhaQjk4anNpclpoSUl3a1lZcktSRkFLZzBDUFJNVndub2dHazctTnJXaWlvdWl5bWNBWkxoNkwyQ1BSRlNtZnh2?oc=5\" target=\"_blank\" rel=\"nofollow noopener\">Fili\u00e8re laiti\u00e8re : reprise progressive, nouveaux projets en cours<\/a>&nbsp;&nbsp;Medias24<a href=\"https:\/\/news.google.com\/rss\/articles\/CBMi6gFBVV95cUxPUmlWWjF4aEFNQjdfTFpzNklsY01tLXlfclE4YjlRYTlQazBRbE1nc1lrX1FGWmlPV2JmVUlZektLSHlPVXB0b1hJQ0NESVlxYzhRVlhzc0VCNDJOXzFJYl96ZWNydHY0ck12Q2EyeEZsQV9sNzVIM0x5UmdMMk54WmRCU3NWOFBnS2s1amE5ZjJZUTM2LXFPOUNNbDRWNXpkXzJXVFFDOG1uaW5wb2haTE9QQTc4ckp5Y0JjaFdxMERWQXoyRTAzcGNPN2xkeVZDdXJnZXkyZnFEc3ZNUlpBRl8xazlLRVRzT0E?oc=5\" target=\"_blank\" rel=\"nofollow noopener\">Plus grand barrage du Royaume et troisi\u00e8me en Afrique, Al Wahda fr\u00f4le 60% de remplissage et d\u00e9passe les 2 milliards de m\u00b3<\/a>&nbsp;&nbsp;Le360<a href=\"https:\/\/news.google.com\/rss\/articles\/CBMigAFBVV95cUxNelFfeHo1Rk4ybnJGMFFMSlVtbUlJX0hKTW02Y0lkS1didGhBQk0talcyQ2JnMk5nT3RzSGdaeTBGZFpSSW5wVm9zenBrX3RobHB1V3kwQ3pCYUx5M2VKSmFQUF9xeG40SE5rUk92RF9FU2hzVDZvbFJ0aENNRjBSTw?oc=5\" target=\"_blank\" rel=\"nofollow noopener\">Agadir : le Conseil d\u2019administration de l\u2019ABH Souss-Massa fait le point sur une ann\u00e9e hydrologique en am\u00e9lioration<\/a>&nbsp;&nbsp;AgriMaroc.ma<\/p>\n","protected":false},"excerpt":{"rendered":"Souss-Massa : Nizar Baraka pr\u00e9side le Conseil d\u2019administration de l\u2019Agence du bassin hydraulique&nbsp;&nbsp;L&#8217;Opinion MarocBarrages : l\u2019application nationale de&hellip;\n","protected":false},"author":2,"featured_media":28280,"comment_status":"","ping_status":"","sticky":false,"template":"","format":"standard","meta":{"footnotes":""},"categories":[41],"tags":[16953,16860,5574,3857,7411,17315,158,16861,9984,17316,2561,11210,17314],"class_list":{"0":"post-28279","1":"post","2":"type-post","3":"status-publish","4":"format-standard","5":"has-post-thumbnail","7":"category-maroc","8":"tag-actu-maroc","9":"tag-actualites-maroc","10":"tag-agadir","11":"tag-eau","12":"tag-eau-potable","13":"tag-hydraulique","14":"tag-maroc","15":"tag-news-morocco","16":"tag-precipitations","17":"tag-projets-hydrauliques","18":"tag-secheresse","19":"tag-souss-massa","20":"tag-souss-massa-nizar-baraka-preside"},"share_on_mastodon":{"url":"","error":""},"_links":{"self":[{"href":"https:\/\/www.europesays.com\/africa\/wp-json\/wp\/v2\/posts\/28279","targetHints":{"allow":["GET"]}}],"collection":[{"href":"https:\/\/www.europesays.com\/africa\/wp-json\/wp\/v2\/posts"}],"about":[{"href":"https:\/\/www.europesays.com\/africa\/wp-json\/wp\/v2\/types\/post"}],"author":[{"embeddable":true,"href":"https:\/\/www.europesays.com\/africa\/wp-json\/wp\/v2\/users\/2"}],"replies":[{"embeddable":true,"href":"https:\/\/www.europesays.com\/africa\/wp-json\/wp\/v2\/comments?post=28279"}],"version-history":[{"count":0,"href":"https:\/\/www.europesays.com\/africa\/wp-json\/wp\/v2\/posts\/28279\/revisions"}],"wp:featuredmedia":[{"embeddable":true,"href":"https:\/\/www.europesays.com\/africa\/wp-json\/wp\/v2\/media\/28280"}],"wp:attachment":[{"href":"https:\/\/www.europesays.com\/africa\/wp-json\/wp\/v2\/media?parent=28279"}],"wp:term":[{"taxonomy":"category","embeddable":true,"href":"https:\/\/www.europesays.com\/africa\/wp-json\/wp\/v2\/categories?post=28279"},{"taxonomy":"post_tag","embeddable":true,"href":"https:\/\/www.europesays.com\/africa\/wp-json\/wp\/v2\/tags?post=28279"}],"curies":[{"name":"wp","href":"https:\/\/api.w.org\/{rel}","templated":true}]}}