{"id":28482,"date":"2026-01-17T04:37:19","date_gmt":"2026-01-17T04:37:19","guid":{"rendered":"https:\/\/www.europesays.com\/africa\/28482\/"},"modified":"2026-01-17T04:37:19","modified_gmt":"2026-01-17T04:37:19","slug":"baitas-environ-390-000-veuves-beneficient-du-programme-daide-sociale-directe-lopinion-maroc","status":"publish","type":"post","link":"https:\/\/www.europesays.com\/africa\/28482\/","title":{"rendered":"Baitas : &quot;Environ 390.000 veuves b\u00e9n\u00e9ficient du programme d&#039;aide sociale directe&quot; &#8211; L&#039;Opinion Maroc"},"content":{"rendered":"<p><a href=\"https:\/\/news.google.com\/rss\/articles\/CBMi8wFBVV95cUxON3hVVEtGYkpHNldQcDZOTFpwdVBMQ1R4S0tYYmt4VFdlN3Bocmp4bzd4MlNKUF9tcWNYd1hJQU1DRURZX3ozdDhXSklOOENOY1ZuZVhKX3ZPRTM4MnRLZ3hpRDVjZ19FX0cwSGJWVUhtSjJoLXJmdS00czhuRFIxd01zMUhLUVkzZC1xSFBMUFp1N0tTQ2syZGpVVUhUS2ZENlRaVTdlb1ptS3lKS1RiTkpIN3FLUW92T1E4a2lKQ0xWLVZhTGJCTkFEVHlac2FURFFuSGJvNmhhVzlZbV9pcjBzampIM0ZxbXpFRXZ3OVZxd00?oc=5\" target=\"_blank\" rel=\"nofollow noopener\">Baitas : &#8220;Environ 390.000 veuves b\u00e9n\u00e9ficient du programme d&#8217;aide sociale directe&#8221;<\/a>&nbsp;&nbsp;L&#8217;Opinion Maroc<a href=\"https:\/\/news.google.com\/rss\/articles\/CBMilAFBVV95cUxOZmdTMmlqa1QyaWE3RE5xMkVZa0xxVDJyT1JZaDVRSk10Mm5MQ0I0QzhQUkFzYUhsYmxOenY2aF9iSmdDV2VGSTU4eEJZczhYREQ2Y2Z3ZjRuUmE3Q19JR0ViMDFLYmN1SlVrSDI5LXF2VFg4Y3NwekJxbF9HamlMRmZfcnlRbnBHZEhLUVdyQkRUdzVB?oc=5\" target=\"_blank\" rel=\"nofollow noopener\">Aide sociale directe : 390.000 veuves b\u00e9n\u00e9ficiaires &#8211; M\u00e9dias24 &#8211; Num\u00e9ro un de l&#8217;information \u00e9conomique marocaine<\/a>&nbsp;&nbsp;Medias24<a href=\"https:\/\/news.google.com\/rss\/articles\/CBMiqwFBVV95cUxORWZaRnhIVmUzcDM5NVExV3FfQVYzX2RtQU5kM0pPSDhJZWhsUXpEdmhXUldLenBSZ1RTNDZWdTBld0pNSkItRWdHMFg5cjhVNGp4bV92MGFqYUF6NFNVZERFZUdaaWd2ZHJqcFU2ZmxhaHhwSGdHY0JPaERpcXo3QmVjTm4xTWtaRWlJOVR6Q3J6VGtJUk5oS19aUXIyZVpRV21zSlZoUnlsNVE?oc=5\" target=\"_blank\" rel=\"nofollow noopener\">Aide sociale directe : pr\u00e8s de 390.000 veuves b\u00e9n\u00e9ficiaires au Maroc<\/a>&nbsp;&nbsp;L&#8217;Economiste<a href=\"https:\/\/news.google.com\/rss\/articles\/CBMiogFBVV95cUxQeGJIMF9ySDdQZWxIbng4WHdCMVdmb01qOUpDckwtdExTeENBT1pDblRrbkJodmpseFhkU1cwdFVSS0wxZmc0WjFHOVZCTjFKcmxfWkpmR0NOUE5oLUEyaWs4VHExYmRIbzAzSllkb1d5S1paZ20tOXZiTE5VX0txdzNscFpubFlhU2dFZnV5VmFVSFlyYnJ5U2wtaWE5b3VHTVHSAacBQVVfeXFMTnlEcmhVSU1henM5Y0VrU0ZIaFlqV0NvUnZ4bEtsTU42R0Y4Z3B1S19mZ3hPQVFRbWRCci05R3ZTV1dSZzVBSnhUblQ1TlZrbEVObXVVVVhFQ1NVemE3QUZPTldCWmdZUWw3SGpGanVPRWUwc1dLcDIzNTk1R3RKaHFhZDVjS1ZHMWZkWUdmeHhrSEVfRU5JcmlDdG51VFdaZHZSS2RRTG8?oc=5\" target=\"_blank\" rel=\"nofollow noopener\">Environ 390.000 veuves b\u00e9n\u00e9ficient du programme d&#8217;aide sociale directe (Baitas)<\/a>&nbsp;&nbsp;Le Matin.ma<a href=\"https:\/\/news.google.com\/rss\/articles\/CBMi3gFBVV95cUxQUU5MREs0eVRkTlF3d2thQWdJZ1Z2M2tsdTQ3Sk5PMXVaNzVuYnN5eXhoTEdfUmJHSy1NY0M4TkhGS3duWjhHQzlxS2MtVWpNQm1JanByVklLYmV0NzFTZFVTZ1ZWNm5xT0k2RjJ3WGQyeUtMOExybDZPeGdmSGVmYXA0TEJId0RnRzA1TUFNcV9yZmltdGdrdlA4azZfbllmX3g5aW5zT0gwMy1sLTk2SDl0LW9SQU5QVmxSNTdXZUJMZ3lTWDVCVnp4SEhMX2J2em15NDRTTDZlZnlYeHc?oc=5\" target=\"_blank\" rel=\"nofollow noopener\">Soutien social : Baitas met en avant l\u2019\u00e9largissement des b\u00e9n\u00e9ficiaires et d\u00e9fend une r\u00e9forme en phase d&#8217;ex\u00e9cution<\/a>&nbsp;&nbsp;Hespress Fran\u00e7ais &#8211; Actualit\u00e9s du Maroc<\/p>\n","protected":false},"excerpt":{"rendered":"Baitas : &#8220;Environ 390.000 veuves b\u00e9n\u00e9ficient du programme d&#8217;aide sociale directe&#8221;&nbsp;&nbsp;L&#8217;Opinion MarocAide sociale directe : 390.000 veuves b\u00e9n\u00e9ficiaires&hellip;\n","protected":false},"author":2,"featured_media":28483,"comment_status":"","ping_status":"","sticky":false,"template":"","format":"standard","meta":{"footnotes":""},"categories":[41],"tags":[16953,16860,17429,17431,17428,17435,17432,8272,158,17430,16861,17434,17433,15906],"class_list":{"0":"post-28482","1":"post","2":"type-post","3":"status-publish","4":"format-standard","5":"has-post-thumbnail","7":"category-maroc","8":"tag-actu-maroc","9":"tag-actualites-maroc","10":"tag-aide-sociale-directe","11":"tag-ayuda-social","12":"tag-baitas-environ-390-000-veuves","13":"tag-familias-beneficiarias","14":"tag-gobierno-marroqui","15":"tag-gouvernement","16":"tag-maroc","17":"tag-mustapha-baitas","18":"tag-news-morocco","19":"tag-presupuesto","20":"tag-proteccion-social","21":"tag-veuves"},"share_on_mastodon":{"url":"","error":""},"_links":{"self":[{"href":"https:\/\/www.europesays.com\/africa\/wp-json\/wp\/v2\/posts\/28482","targetHints":{"allow":["GET"]}}],"collection":[{"href":"https:\/\/www.europesays.com\/africa\/wp-json\/wp\/v2\/posts"}],"about":[{"href":"https:\/\/www.europesays.com\/africa\/wp-json\/wp\/v2\/types\/post"}],"author":[{"embeddable":true,"href":"https:\/\/www.europesays.com\/africa\/wp-json\/wp\/v2\/users\/2"}],"replies":[{"embeddable":true,"href":"https:\/\/www.europesays.com\/africa\/wp-json\/wp\/v2\/comments?post=28482"}],"version-history":[{"count":0,"href":"https:\/\/www.europesays.com\/africa\/wp-json\/wp\/v2\/posts\/28482\/revisions"}],"wp:featuredmedia":[{"embeddable":true,"href":"https:\/\/www.europesays.com\/africa\/wp-json\/wp\/v2\/media\/28483"}],"wp:attachment":[{"href":"https:\/\/www.europesays.com\/africa\/wp-json\/wp\/v2\/media?parent=28482"}],"wp:term":[{"taxonomy":"category","embeddable":true,"href":"https:\/\/www.europesays.com\/africa\/wp-json\/wp\/v2\/categories?post=28482"},{"taxonomy":"post_tag","embeddable":true,"href":"https:\/\/www.europesays.com\/africa\/wp-json\/wp\/v2\/tags?post=28482"}],"curies":[{"name":"wp","href":"https:\/\/api.w.org\/{rel}","templated":true}]}}