{"id":28610,"date":"2026-01-17T06:27:07","date_gmt":"2026-01-17T06:27:07","guid":{"rendered":"https:\/\/www.europesays.com\/africa\/28610\/"},"modified":"2026-01-17T06:27:07","modified_gmt":"2026-01-17T06:27:07","slug":"les-jeunes-generations-ont-ete-elevees-dans-le-ressentiment-et-lignorance","status":"publish","type":"post","link":"https:\/\/www.europesays.com\/africa\/28610\/","title":{"rendered":"\u00ab\u00a0Les jeunes g\u00e9n\u00e9rations ont \u00e9t\u00e9 \u00e9lev\u00e9es dans le ressentiment et l\u2019ignorance\u00a0\u00bb"},"content":{"rendered":"<p>                     <img loading=\"lazy\" decoding=\"async\" src=\"https:\/\/www.europesays.com\/africa\/wp-content\/uploads\/2026\/01\/c61de1e_ftp-1-pxyefrzfzfiu-2026-01-08t203023z-2017138428-rc26xiawaifp-rtrmadp-3-morocco-daily-life.J.jpeg\" alt=\"A Casablanca, au Maroc, le 8\u00a0janvier 2026.\"   width=\"664\" height=\"443\"\/>    A Casablanca, au Maroc, le 8\u00a0janvier 2026.  SIPHIWE SIBEKO \/ REUTERS                 <\/p>\n<p class=\"article__paragraph  \">De sa terrasse, au cinqui\u00e8me \u00e9tage de son immeuble, Mohamed Senoussaoui aper\u00e7oit au loin la silhouette de plusieurs minarets de Casablanca. Mais s\u2019il ferme les yeux, ce retrait\u00e9 de 85\u00a0ans peut se croire \u00e0 Alger. Dans son appartement, l\u2019\u00e9cran g\u00e9ant du salon est branch\u00e9 en continu sur la cha\u00eene publique alg\u00e9rienne.<\/p>\n<p class=\"article__paragraph  \">N\u00e9 c\u00f4t\u00e9 marocain, \u00e0 Oujda, non loin de la fronti\u00e8re, M.\u00a0Senoussaoui a combattu la France lors de la guerre de lib\u00e9ration (1954-1962) avant de s\u2019installer \u00e0 Alger, au lendemain de l\u2019ind\u00e9pendance. D\u00e9\u00e7u par les dirigeants de l\u2019\u00e9poque, il est parti tenter sa chance \u00e0 \u00ab\u00a0Casa\u00a0\u00bb, en\u00a01974, avec son \u00e9pouse Zoulikha. \u00ab\u00a0Nous y avons \u00e9lev\u00e9 nos trois enfants. Si nous sommes encore l\u00e0, c\u2019est que nous sommes heureux ici\u00a0\u00bb, assure-t-il.<\/p>\n<p class=\"article__paragraph  \">Comme ses compatriotes, l\u2019ancien moudjahid (\u00ab\u00a0combattant\u00a0\u00bb) a suivi le parcours de l\u2019\u00e9quipe alg\u00e9rienne pendant la Coupe d\u2019Afrique des nations (CAN), qui s\u2019ach\u00e8ve dimanche 18\u00a0janvier \u00e0 Rabat. Les Fennecs au Maroc\u00a0? Le d\u00e9placement \u00e9tait charg\u00e9 de symboles, dans un contexte de rivalit\u00e9 exacerb\u00e9e. La fronti\u00e8re terrestre entre les deux pays est ferm\u00e9e depuis 1994\u00a0et les relations diplomatiques ont \u00e9t\u00e9 rompues en\u00a02021. Les avions marocains n\u2019ont plus le droit de survoler l\u2019espace a\u00e9rien alg\u00e9rien. Par ailleurs, la normalisation, en\u00a02020, des relations entre le Maroc et Isra\u00ebl \u2013 qu\u2019Alger ne reconna\u00eet pas \u2013, a suscit\u00e9 la d\u00e9fiance du pouvoir alg\u00e9rien, qui impose, depuis 2024, un visa aux Marocains.<\/p>\n<p class=\"reading-mode-only \">Il vous reste 79.11% de cet article \u00e0 lire. La suite est r\u00e9serv\u00e9e aux abonn\u00e9s.<\/p>\n","protected":false},"excerpt":{"rendered":"A Casablanca, au Maroc, le 8\u00a0janvier 2026. SIPHIWE SIBEKO \/ REUTERS De sa terrasse, au cinqui\u00e8me \u00e9tage de&hellip;\n","protected":false},"author":2,"featured_media":28611,"comment_status":"","ping_status":"","sticky":false,"template":"","format":"standard","meta":{"footnotes":""},"categories":[254],"tags":[255],"class_list":{"0":"post-28610","1":"post","2":"type-post","3":"status-publish","4":"format-standard","5":"has-post-thumbnail","7":"category-algerie","8":"tag-algerie"},"share_on_mastodon":{"url":"","error":""},"_links":{"self":[{"href":"https:\/\/www.europesays.com\/africa\/wp-json\/wp\/v2\/posts\/28610","targetHints":{"allow":["GET"]}}],"collection":[{"href":"https:\/\/www.europesays.com\/africa\/wp-json\/wp\/v2\/posts"}],"about":[{"href":"https:\/\/www.europesays.com\/africa\/wp-json\/wp\/v2\/types\/post"}],"author":[{"embeddable":true,"href":"https:\/\/www.europesays.com\/africa\/wp-json\/wp\/v2\/users\/2"}],"replies":[{"embeddable":true,"href":"https:\/\/www.europesays.com\/africa\/wp-json\/wp\/v2\/comments?post=28610"}],"version-history":[{"count":0,"href":"https:\/\/www.europesays.com\/africa\/wp-json\/wp\/v2\/posts\/28610\/revisions"}],"wp:featuredmedia":[{"embeddable":true,"href":"https:\/\/www.europesays.com\/africa\/wp-json\/wp\/v2\/media\/28611"}],"wp:attachment":[{"href":"https:\/\/www.europesays.com\/africa\/wp-json\/wp\/v2\/media?parent=28610"}],"wp:term":[{"taxonomy":"category","embeddable":true,"href":"https:\/\/www.europesays.com\/africa\/wp-json\/wp\/v2\/categories?post=28610"},{"taxonomy":"post_tag","embeddable":true,"href":"https:\/\/www.europesays.com\/africa\/wp-json\/wp\/v2\/tags?post=28610"}],"curies":[{"name":"wp","href":"https:\/\/api.w.org\/{rel}","templated":true}]}}