{"id":28612,"date":"2026-01-17T06:28:26","date_gmt":"2026-01-17T06:28:26","guid":{"rendered":"https:\/\/www.europesays.com\/africa\/28612\/"},"modified":"2026-01-17T06:28:26","modified_gmt":"2026-01-17T06:28:26","slug":"le-senegal-mobilise-154-milliards-fcfa-sur-le-marche-de-lumoa","status":"publish","type":"post","link":"https:\/\/www.europesays.com\/africa\/28612\/","title":{"rendered":"Le S\u00e9n\u00e9gal mobilise 154 milliards FCFA sur le march\u00e9 de l\u2019UMOA"},"content":{"rendered":"<p>L\u2019\u00c9tat du S\u00e9n\u00e9gal a lev\u00e9, ce vendredi 16 janvier 2026, un montant de\u00a0154 milliards de FCFA\u00a0sur le march\u00e9 financier de l\u2019Union mon\u00e9taire ouest-africaine (UMOA), \u00e0 l\u2019issue d\u2019une adjudication de\u00a0bons assimilables du Tr\u00e9sor (BAT)\u00a0\u00e0 364 jours et d\u2019obligations assimilables du Tr\u00e9sor (OAT)\u00a0de maturit\u00e9s 3 et 5 ans.<\/p>\n<p>Initialement, l\u2019\u00e9metteur avait sollicit\u00e9\u00a0140 milliards de FCFA. L\u2019op\u00e9ration a suscit\u00e9 des soumissions globales de\u00a0169,684 milliards de FCFA, traduisant un\u00a0taux de couverture de 121,20 %. Sur ce volume, le Tr\u00e9sor s\u00e9n\u00e9galais a retenu\u00a0154 milliards de FCFA, soit un\u00a0taux d\u2019absorption de 90,76 %, rejetant ainsi\u00a015,684 milliards de FCFA.<\/p>\n<p>Les rendements moyens pond\u00e9r\u00e9s ressortent \u00e0\u00a06,96 %\u00a0pour les BAT,\u00a07,28 %\u00a0pour les OAT \u00e0 3 ans et\u00a07,69 %\u00a0pour les OAT \u00e0 5 ans.<\/p>\n<p>Le remboursement des BAT interviendra le\u00a0premier jour ouvrable suivant l\u2019\u00e9ch\u00e9ance du 17 janvier 2027, avec un paiement des int\u00e9r\u00eats effectu\u00e9 d\u2019avance et pr\u00e9compt\u00e9 sur la valeur nominale unitaire de\u00a01 million de FCFA.<br \/>S\u2019agissant des OAT, le remboursement du capital est pr\u00e9vu le\u00a019 janvier 2029\u00a0pour les titres \u00e0 3 ans et le\u00a019 janvier 2031pour ceux \u00e0 5 ans. Les int\u00e9r\u00eats seront servis annuellement, d\u00e8s la fin de la premi\u00e8re ann\u00e9e, sur la base de taux faciaux de\u00a06,30 %\u00a0pour les OAT \u00e0 3 ans et\u00a06,45 %\u00a0pour celles \u00e0 5 ans.<\/p>\n<p>Il s\u2019agit de la\u00a0premi\u00e8re \u00e9mission de titres publics du S\u00e9n\u00e9gal en 2026. \u00c0 l\u2019\u00e9chelle de l\u2019UMOA, le cumul des \u00e9missions r\u00e9alis\u00e9es par les huit \u00c9tats membres au\u00a015 janvier 2026\u00a0s\u2019\u00e9l\u00e8ve \u00e0\u00a0478 milliards de FCFA. Sur la m\u00eame p\u00e9riode, les remboursements de capital atteignent\u00a0301 milliards de FCFA, tandis que les int\u00e9r\u00eats servis totalisent\u00a0164 milliards de FCFA.<\/p>\n","protected":false},"excerpt":{"rendered":"L\u2019\u00c9tat du S\u00e9n\u00e9gal a lev\u00e9, ce vendredi 16 janvier 2026, un montant de\u00a0154 milliards de FCFA\u00a0sur le march\u00e9&hellip;\n","protected":false},"author":2,"featured_media":28613,"comment_status":"","ping_status":"","sticky":false,"template":"","format":"standard","meta":{"footnotes":""},"categories":[48],"tags":[159],"class_list":{"0":"post-28612","1":"post","2":"type-post","3":"status-publish","4":"format-standard","5":"has-post-thumbnail","7":"category-senegal","8":"tag-senegal"},"share_on_mastodon":{"url":"","error":""},"_links":{"self":[{"href":"https:\/\/www.europesays.com\/africa\/wp-json\/wp\/v2\/posts\/28612","targetHints":{"allow":["GET"]}}],"collection":[{"href":"https:\/\/www.europesays.com\/africa\/wp-json\/wp\/v2\/posts"}],"about":[{"href":"https:\/\/www.europesays.com\/africa\/wp-json\/wp\/v2\/types\/post"}],"author":[{"embeddable":true,"href":"https:\/\/www.europesays.com\/africa\/wp-json\/wp\/v2\/users\/2"}],"replies":[{"embeddable":true,"href":"https:\/\/www.europesays.com\/africa\/wp-json\/wp\/v2\/comments?post=28612"}],"version-history":[{"count":0,"href":"https:\/\/www.europesays.com\/africa\/wp-json\/wp\/v2\/posts\/28612\/revisions"}],"wp:featuredmedia":[{"embeddable":true,"href":"https:\/\/www.europesays.com\/africa\/wp-json\/wp\/v2\/media\/28613"}],"wp:attachment":[{"href":"https:\/\/www.europesays.com\/africa\/wp-json\/wp\/v2\/media?parent=28612"}],"wp:term":[{"taxonomy":"category","embeddable":true,"href":"https:\/\/www.europesays.com\/africa\/wp-json\/wp\/v2\/categories?post=28612"},{"taxonomy":"post_tag","embeddable":true,"href":"https:\/\/www.europesays.com\/africa\/wp-json\/wp\/v2\/tags?post=28612"}],"curies":[{"name":"wp","href":"https:\/\/api.w.org\/{rel}","templated":true}]}}