{"id":28614,"date":"2026-01-17T06:29:08","date_gmt":"2026-01-17T06:29:08","guid":{"rendered":"https:\/\/www.europesays.com\/africa\/28614\/"},"modified":"2026-01-17T06:29:08","modified_gmt":"2026-01-17T06:29:08","slug":"suivez-en-live-toutes-les-infos-avant-le-dernier-match-de-la-can-2025","status":"publish","type":"post","link":"https:\/\/www.europesays.com\/africa\/28614\/","title":{"rendered":"suivez en live toutes les infos avant le dernier match de la CAN 2025"},"content":{"rendered":"<p>07h14<\/p>\n<p>&#8220;Vous n&#8217;avez pas un petit tuyau?&#8221;: au souk de Rabat, la qu\u00eate effr\u00e9n\u00e9e d&#8217;une place pour la finale de la CAN<\/p>\n<p>\u00c0 48 heures de la finale de la CAN 2025 Maroc-S\u00e9n\u00e9gal dimanche soir \u00e0 Rabat (20h), des milliers de Marocains tentent d\u2019obtenir des places pour assister au match. Pas facile, surtout \u00e0 cause du prix des billets&#8230;<\/p>\n<p>&gt;&gt;&gt; <a href=\"https:\/\/rmcsport.bfmtv.com\/football\/coupe-d-afrique-des-nations\/vous-n-avez-pas-un-petit-tuyau-au-souk-de-rabat-la-quete-effrenee-d-une-place-pour-la-finale-de-la-can-2025_AV-202601160647.html\" title=\"&quot;Vous n&#039;avez pas un petit tuyau?&quot;: au souk de Rabat, la qu\u00eate effr\u00e9n\u00e9e d&#039;une place pour la finale de la CAN 2025\" class=\"internal_link\" rel=\"nofollow noopener\" target=\"_blank\">le reportage RMC Sport dans le souk de Rabat avant la finale S\u00e9n\u00e9gal-Maroc<\/a><\/p>\n<p>07h03<\/p>\n<p>&#8220;On le m\u00e9rite&#8221;, Habib Beye \u00e0 fond derri\u00e8re le S\u00e9n\u00e9gal avant la finale contre le Maroc<\/p>\n<p>Ancien international s\u00e9n\u00e9galais, l\u2019entra\u00eeneur du Stade Rennais Habib Beye sera le supporter n\u00b01 des Lions de la Teranga lors de la finale de la CAN 2025 face au Maroc, dimanche soir \u00e0 Rabat.<\/p>\n<p>&#8220;Je souhaite qu\u2019on puisse mettre une 2eme \u00e9toile au-dessus de notre drapeau parce que je pense qu\u2019on le m\u00e9rite au vu des derni\u00e8res ann\u00e9es mais il y aura en face de nous un adversaire qui le voudra autant que nous, voire plus que nous parce qu\u2019ils jouent \u00e0 domicile.&#8221;<\/p>\n<p>&gt;&gt;&gt; <a href=\"https:\/\/rmcsport.bfmtv.com\/football\/coupe-d-afrique-des-nations\/can-2025-on-le-merite-habib-beye-a-fond-derriere-le-senegal-avant-la-finale-contre-le-maroc_AV-202601160725.html\" title=\"CAN 2025: &quot;On le m\u00e9rite&quot;, Habib Beye \u00e0 fond derri\u00e8re le S\u00e9n\u00e9gal avant la finale contre le Maroc\" class=\"internal_link\" rel=\"nofollow noopener\" target=\"_blank\">le voeu d&#8217;Habib Beye pour la finale de la CAN<\/a><\/p>\n<p>06h54<\/p>\n<p>Tr\u00e8s forte augmentation des revenus pour la CAN 2025<\/p>\n<p>La CAF s\u2019est f\u00e9licit\u00e9e de la forte hausse des revenus g\u00e9n\u00e9r\u00e9s par l\u2019\u00e9preuve. Selon la Conf\u00e9d\u00e9ration Africaine de football, les performances \u00e9conomiques de la comp\u00e9tition ont &#8220;g\u00e9n\u00e9r\u00e9 une augmentation de plus de 90 % des revenus de la CAF li\u00e9s \u00e0 la <a href=\"https:\/\/rmcsport.bfmtv.com\/football\/coupe-d-afrique-des-nations\/\" target=\"_blank\" class=\"external_link\" rel=\"nofollow noopener\">CAN 2025<\/a>&#8220;. Toujours selon la CAF, cette progression s\u2019explique par plusieurs facteurs. Tout d&#8217;abord, &#8220;l\u2019\u00e9largissement significatif du portefeuille de partenaires commerciaux de la CAF&#8221; et ensuite par &#8220;la croissance de la distribution des droits m\u00e9dias&#8221;. Cela se produit notamment avec les nouveaux march\u00e9s comme la Chine et le Japon.<\/p>\n<p>06h50<\/p>\n<p>Bonjour \u00e0 tous et bienvenue dans ce live avant la grande finale de la CAN 2025<\/p>\n<p>Bient\u00f4t l&#8217;heure du verdict pour cette Coupe d&#8217;Afrique des nations. La finale de la comp\u00e9tition aura lieu ce dimanche \u00e0 20h et opposera le S\u00e9n\u00e9gal au Maroc, pays-h\u00f4te.<\/p>\n","protected":false},"excerpt":{"rendered":"07h14 &#8220;Vous n&#8217;avez pas un petit tuyau?&#8221;: au souk de Rabat, la qu\u00eate effr\u00e9n\u00e9e d&#8217;une place pour la&hellip;\n","protected":false},"author":2,"featured_media":28615,"comment_status":"","ping_status":"","sticky":false,"template":"","format":"standard","meta":{"footnotes":""},"categories":[41],"tags":[158],"class_list":{"0":"post-28614","1":"post","2":"type-post","3":"status-publish","4":"format-standard","5":"has-post-thumbnail","7":"category-maroc","8":"tag-maroc"},"share_on_mastodon":{"url":"","error":""},"_links":{"self":[{"href":"https:\/\/www.europesays.com\/africa\/wp-json\/wp\/v2\/posts\/28614","targetHints":{"allow":["GET"]}}],"collection":[{"href":"https:\/\/www.europesays.com\/africa\/wp-json\/wp\/v2\/posts"}],"about":[{"href":"https:\/\/www.europesays.com\/africa\/wp-json\/wp\/v2\/types\/post"}],"author":[{"embeddable":true,"href":"https:\/\/www.europesays.com\/africa\/wp-json\/wp\/v2\/users\/2"}],"replies":[{"embeddable":true,"href":"https:\/\/www.europesays.com\/africa\/wp-json\/wp\/v2\/comments?post=28614"}],"version-history":[{"count":0,"href":"https:\/\/www.europesays.com\/africa\/wp-json\/wp\/v2\/posts\/28614\/revisions"}],"wp:featuredmedia":[{"embeddable":true,"href":"https:\/\/www.europesays.com\/africa\/wp-json\/wp\/v2\/media\/28615"}],"wp:attachment":[{"href":"https:\/\/www.europesays.com\/africa\/wp-json\/wp\/v2\/media?parent=28614"}],"wp:term":[{"taxonomy":"category","embeddable":true,"href":"https:\/\/www.europesays.com\/africa\/wp-json\/wp\/v2\/categories?post=28614"},{"taxonomy":"post_tag","embeddable":true,"href":"https:\/\/www.europesays.com\/africa\/wp-json\/wp\/v2\/tags?post=28614"}],"curies":[{"name":"wp","href":"https:\/\/api.w.org\/{rel}","templated":true}]}}