{"id":2871,"date":"2026-01-04T14:10:10","date_gmt":"2026-01-04T14:10:10","guid":{"rendered":"https:\/\/www.europesays.com\/africa\/2871\/"},"modified":"2026-01-04T14:10:10","modified_gmt":"2026-01-04T14:10:10","slug":"can-2025-le-senegal-et-le-mali-saffronteront-en-quarts-de-finale-sports","status":"publish","type":"post","link":"https:\/\/www.europesays.com\/africa\/2871\/","title":{"rendered":"CAN\u00a02025\u00a0: le S\u00e9n\u00e9gal et le Mali s&#8217;affronteront en quarts de finale &#8211; Sports"},"content":{"rendered":"<p>A retrouver dans l\u2019\u00e9mission<\/p>\n<p>    <img decoding=\"async\" fetchpriority=\"low\" src=\"https:\/\/s.france24.com\/media\/display\/25262d22-57e9-11f0-9fc6-005056a90284\/FR-SPORTS-1.svg\"  alt=\"Sports\" loading=\"lazy\" class=\"a-img  a-img--svg\"\/><\/p>\n<p>\n                                                S\u00e9rieux samedi face au Soudan malgr\u00e9 une petite frayeur, les Lions de la Teranga ont assur\u00e9 leur place en quarts de finale de la Coupe d&#8217;Afrique des nations. Gr\u00e2ce \u00e0 un doubl\u00e9 de Pape Gueye et une magnifique inspiration du jeune joueur du PSG Ibrahim Mbaye, ils figurent parmi les huit derni\u00e8res \u00e9quipes de cette \u00e9dition. Ils affronteront les Maliens, qualifi\u00e9s apr\u00e8s un match fou contre les Tunisiens.                    <\/p>\n<p>Les Marocains, h\u00f4tes du tournoi, disputent \u00e0 leur tour, dimanche 4 janvier, leur huiti\u00e8me de finale, avec toujours autant de pression autour d&#8217;une s\u00e9lection qui n&#8217;a pas le droit \u00e0 l&#8217;erreur dans cette comp\u00e9tition. Ils affrontent la <a href=\"https:\/\/www.france24.com\/fr\/tag\/tanzanie\/\" target=\"_self\" class=\"gtm-add-suggested-tag\" rel=\"nofollow noopener\">Tanzanie<\/a>, qu&#8217;ils esp\u00e8rent battre notamment <a href=\"https:\/\/www.france24.com\/fr\/sports\/20260103-can-2025-brahim-diaz-maroc-real-madrid\" target=\"_self\" rel=\"nofollow noopener\">gr\u00e2ce au talent de leur buteur Brahim Diaz<\/a>.<\/p>\n<p>Dans le reste de l&#8217;actualit\u00e9, <a href=\"https:\/\/www.france24.com\/fr\/tag\/lyon\/\" target=\"_self\" class=\"gtm-add-suggested-tag\" rel=\"nofollow noopener\">Lyon<\/a> d\u00e9marre son ann\u00e9e 2026 avec un succ\u00e8s et se rapproche des places qualificatives en Ligue des champions. <a href=\"https:\/\/www.france24.com\/fr\/tag\/arsenal\/\" target=\"_self\" class=\"gtm-add-suggested-tag\" rel=\"nofollow noopener\">Arsenal<\/a> encha\u00eene en <a href=\"https:\/\/www.france24.com\/fr\/tag\/premier-league\/\" target=\"_self\" class=\"gtm-add-suggested-tag\" rel=\"nofollow noopener\">Premier League<\/a>.<\/p>\n<p>Enfin, le <a href=\"https:\/\/www.france24.com\/fr\/tag\/rallye-dakar\/\" target=\"_self\" class=\"gtm-add-suggested-tag\" rel=\"nofollow noopener\">Dakar<\/a>\u00a02026 a d\u00e9marr\u00e9 ce week-end.<\/p>\n","protected":false},"excerpt":{"rendered":"A retrouver dans l\u2019\u00e9mission S\u00e9rieux samedi face au Soudan malgr\u00e9 une petite frayeur, les Lions de la Teranga&hellip;\n","protected":false},"author":2,"featured_media":2872,"comment_status":"","ping_status":"","sticky":false,"template":"","format":"standard","meta":{"footnotes":""},"categories":[48],"tags":[179,311,1536,159,264],"class_list":{"0":"post-2871","1":"post","2":"type-post","3":"status-publish","4":"format-standard","5":"has-post-thumbnail","7":"category-senegal","8":"tag-can-2025","9":"tag-football","10":"tag-sadio-mane","11":"tag-senegal","12":"tag-sports"},"share_on_mastodon":{"url":"","error":""},"_links":{"self":[{"href":"https:\/\/www.europesays.com\/africa\/wp-json\/wp\/v2\/posts\/2871","targetHints":{"allow":["GET"]}}],"collection":[{"href":"https:\/\/www.europesays.com\/africa\/wp-json\/wp\/v2\/posts"}],"about":[{"href":"https:\/\/www.europesays.com\/africa\/wp-json\/wp\/v2\/types\/post"}],"author":[{"embeddable":true,"href":"https:\/\/www.europesays.com\/africa\/wp-json\/wp\/v2\/users\/2"}],"replies":[{"embeddable":true,"href":"https:\/\/www.europesays.com\/africa\/wp-json\/wp\/v2\/comments?post=2871"}],"version-history":[{"count":0,"href":"https:\/\/www.europesays.com\/africa\/wp-json\/wp\/v2\/posts\/2871\/revisions"}],"wp:featuredmedia":[{"embeddable":true,"href":"https:\/\/www.europesays.com\/africa\/wp-json\/wp\/v2\/media\/2872"}],"wp:attachment":[{"href":"https:\/\/www.europesays.com\/africa\/wp-json\/wp\/v2\/media?parent=2871"}],"wp:term":[{"taxonomy":"category","embeddable":true,"href":"https:\/\/www.europesays.com\/africa\/wp-json\/wp\/v2\/categories?post=2871"},{"taxonomy":"post_tag","embeddable":true,"href":"https:\/\/www.europesays.com\/africa\/wp-json\/wp\/v2\/tags?post=2871"}],"curies":[{"name":"wp","href":"https:\/\/api.w.org\/{rel}","templated":true}]}}