{"id":2873,"date":"2026-01-04T14:11:13","date_gmt":"2026-01-04T14:11:13","guid":{"rendered":"https:\/\/www.europesays.com\/africa\/2873\/"},"modified":"2026-01-04T14:11:13","modified_gmt":"2026-01-04T14:11:13","slug":"province-de-jerada-les-pluies-de-decembre-redonnent-espoir-aux-agriculteurs","status":"publish","type":"post","link":"https:\/\/www.europesays.com\/africa\/2873\/","title":{"rendered":"Province de Jerada: Les pluies de d\u00e9cembre redonnent espoir aux agriculteurs"},"content":{"rendered":"<p class=\"default__StyledText-sc-10mj2vp-0 CxBBS body-paragraph\">La province de Jerada a connu, durant le mois de d\u00e9cembre, d\u2019importantes pr\u00e9cipitations, \u00e0 l\u2019instar de plusieurs provinces de la r\u00e9gion de l\u2019Oriental et du Maroc. Des pluies qui ont raviv\u00e9 l\u2019espoir chez les agriculteurs et les \u00e9leveurs, apr\u00e8s plusieurs ann\u00e9es marqu\u00e9es par la s\u00e9cheresse et la raret\u00e9 des pr\u00e9cipitations.<\/p>\n<p class=\"default__StyledText-sc-10mj2vp-0 CxBBS body-paragraph\">Bien que ces pluies n\u2019aient pas encore atteint la moyenne annuelle habituelle, leur impact positif sur l\u2019\u00e9tat des sols et du couvert v\u00e9g\u00e9tal est ind\u00e9niable. Elles constituent \u00e9galement un indicateur encourageant pour la suite de la saison agricole, d\u2019autant plus qu\u2019elles ont \u00e9t\u00e9 bien r\u00e9parties tout au long du mois.<\/p>\n<p class=\"default__StyledText-sc-10mj2vp-0 CxBBS body-paragraph\">Dans ce contexte, Abdellah Lkhlifi, agriculteur dans la commune de \u00abTakafit\u00bb, plus pr\u00e9cis\u00e9ment dans la zone de \u00abOued Al-Hay Qalb Al-Oud\u00bb, a affirm\u00e9 que les derni\u00e8res pr\u00e9cipitations ont sensiblement am\u00e9lior\u00e9 les terres agricoles et l\u2019arboriculture. <\/p>\n<p class=\"default__StyledText-sc-10mj2vp-0 CxBBS body-paragraph\">Dans une d\u00e9claration pour Le360, il a indiqu\u00e9 que la luzerne est redevenue verte et vigoureuse apr\u00e8s une longue p\u00e9riode de souffrance, et que les sols ont retrouv\u00e9 une partie de leur vitalit\u00e9. \u00abCes pluies ont eu un effet positif sur les principales cultures pratiqu\u00e9es dans la r\u00e9gion, notamment l\u2019avoine et l\u2019orge, ainsi que sur les oliviers et certaines cultures mara\u00eech\u00e8res, cultiv\u00e9es en quantit\u00e9s limit\u00e9es en raison du manque de moyens et de l\u2019\u00e9loignement des pistes rurales\u00bb souligne notre agriculteur. <\/p>\n<p class=\"default__StyledText-sc-10mj2vp-0 CxBBS body-paragraph\">Le m\u00eame agriculteur a pr\u00e9cis\u00e9 que les retomb\u00e9es b\u00e9n\u00e9fiques ne se sont pas limit\u00e9es aux cultures, mais ont \u00e9galement concern\u00e9 le cheptel. Les parcours pastoraux commencent progressivement \u00e0 se r\u00e9g\u00e9n\u00e9rer et l\u2019eau alimente certains puits, ce qui laisse pr\u00e9sager un bon printemps si les pr\u00e9cipitations se poursuivent dans les mois \u00e0 venir. <\/p>\n<p class=\"interstitial-link block-margin-bottom\">Lire aussi : <a href=\"https:\/\/fr.le360.ma\/societe\/province-de-jerada-a-lamrija-le-calvaire-hivernal-des-nomades-face-a-un-froid-glacial_EQHMMAIPQVDILJBFOKHT5NP66U\/\" aria-label=\"Ouvrir un article associ\u00e9\" class=\"default__StyledLink-sc-10mj2vp-1 kkYPzd\" rel=\"nofollow noopener\" target=\"_blank\">Province de Jerada: \u00e0 Lamrija, le calvaire hivernal des nomades face \u00e0 un froid glacial<\/a><\/p>\n<p class=\"default__StyledText-sc-10mj2vp-0 CxBBS body-paragraph\">Abdellah Lkhlifi a salu\u00e9 le soutien apport\u00e9 aux agriculteurs par la Direction provinciale de l\u2019Agriculture de Jerada, \u00e0 travers la r\u00e9alisation de bassins hydrauliques, la plantation d\u2019arbres et l\u2019adoption de l\u2019irrigation goutte-\u00e0-goutte. Ces interventions ont, selon lui, renforc\u00e9 la r\u00e9silience des agriculteurs face aux al\u00e9as climatiques.<\/p>\n<p class=\"default__StyledText-sc-10mj2vp-0 CxBBS body-paragraph\">De son c\u00f4t\u00e9, Abderrahmane Anflous, directeur provincial de l\u2019Agriculture \u00e0 Jerada, a confirm\u00e9 que la saison agricole actuelle pr\u00e9sente des indicateurs positifs par rapport aux pr\u00e9visions initiales, malgr\u00e9 le caract\u00e8re semi-aride de la province. \u00abLe mois de d\u00e9cembre a enregistr\u00e9 des pr\u00e9cipitations sup\u00e9rieures \u00e0 celles relev\u00e9es durant la m\u00eame p\u00e9riode de certaines ann\u00e9es pr\u00e9c\u00e9dentes, redonnant ainsi confiance aux agriculteurs et aux \u00e9leveurs et leur offrant un d\u00e9marrage encourageant de la saison\u00bb, a t-il affirm\u00e9. <\/p>\n<p class=\"default__StyledText-sc-10mj2vp-0 CxBBS body-paragraph\">Le responsable provincial a soulign\u00e9 que la province reste encore tributaire de nouvelles pr\u00e9cipitations, le cumul actuel ne d\u00e9passant pas 28 mm, soit environ un quart de la moyenne annuelle habituelle estim\u00e9e \u00e0 113 mm. <\/p>\n<p class=\"interstitial-link block-margin-bottom\">Lire aussi : <a href=\"https:\/\/fr.le360.ma\/economie\/jerada-des-mines-aux-vergers-la-reconversion-agricole-a-lepreuve-du-marche_QCTPTLWOHJCHZIEK5CVWC3MUJY\/\" aria-label=\"Ouvrir un article associ\u00e9\" class=\"default__StyledLink-sc-10mj2vp-1 kkYPzd\" rel=\"nofollow noopener\" target=\"_blank\">Jerada: des mines aux vergers, la reconversion agricole \u00e0 l\u2019\u00e9preuve du march\u00e9<\/a><\/p>\n<p class=\"default__StyledText-sc-10mj2vp-0 CxBBS body-paragraph\">Il a rappel\u00e9 que la saison pr\u00e9c\u00e9dente avait enregistr\u00e9 environ 61 mm \u00e0 la fin du mois de d\u00e9cembre, un niveau sup\u00e9rieur \u00e0 celui de la saison en cours, mais que la bonne r\u00e9partition des pluies cette ann\u00e9e a jou\u00e9 un r\u00f4le d\u00e9terminant dans l\u2019am\u00e9lioration de l\u2019humidit\u00e9 des sols et la cr\u00e9ation de conditions plus favorables aux cultures.<\/p>\n<p class=\"default__StyledText-sc-10mj2vp-0 CxBBS body-paragraph\">Concernant les superficies cultiv\u00e9es, le directeur provincial de l\u2019Agriculture a indiqu\u00e9 que les c\u00e9r\u00e9ales occupent environ 1.360 hectares, dont plus de 1.100 hectares consacr\u00e9s \u00e0 l\u2019orge, une culture adapt\u00e9e aux sp\u00e9cificit\u00e9s de la r\u00e9gion et essentielle pour l\u2019alimentation du cheptel. <\/p>\n<p class=\"default__StyledText-sc-10mj2vp-0 CxBBS body-paragraph\">Il a \u00e9galement fait \u00e9tat de pr\u00e8s de 2.800 hectares de cultures fourrag\u00e8res, domin\u00e9es par la luzerne avec plus de 2.700 hectares, ce qui devrait contribuer \u00e0 la disponibilit\u00e9 du fourrage et \u00e0 la r\u00e9duction des co\u00fbts d\u2019\u00e9levage.<\/p>\n<p class=\"interstitial-link block-margin-bottom\">Lire aussi : <a href=\"https:\/\/fr.le360.ma\/economie\/jerada-les-recentes-pluies-ravivent-lespoir-dune-bonne-campagne-agricole_5AOSRLI6BRD65ISFBYP6MDZLPI\/\" aria-label=\"Ouvrir un article associ\u00e9\" class=\"default__StyledLink-sc-10mj2vp-1 kkYPzd\" rel=\"nofollow noopener\" target=\"_blank\">Jerada: les r\u00e9centes pluies ravivent l\u2019espoir d\u2019une bonne campagne agricole<\/a><\/p>\n<p class=\"default__StyledText-sc-10mj2vp-0 CxBBS body-paragraph\">S\u2019agissant des parcours pastoraux, Abderrahmane Anflous a soulign\u00e9 que les derni\u00e8res pr\u00e9cipitations ont amorc\u00e9 une am\u00e9lioration progressive du couvert v\u00e9g\u00e9tal, offrant un r\u00e9pit au cheptel et all\u00e9geant la pression sur les aliments pour b\u00e9tail, surtout si les pluies se poursuivent dans les semaines \u00e0 venir.<\/p>\n","protected":false},"excerpt":{"rendered":"La province de Jerada a connu, durant le mois de d\u00e9cembre, d\u2019importantes pr\u00e9cipitations, \u00e0 l\u2019instar de plusieurs provinces&hellip;\n","protected":false},"author":2,"featured_media":2874,"comment_status":"","ping_status":"","sticky":false,"template":"","format":"standard","meta":{"footnotes":""},"categories":[41],"tags":[1140,557,2560,158,2561],"class_list":{"0":"post-2873","1":"post","2":"type-post","3":"status-publish","4":"format-standard","5":"has-post-thumbnail","7":"category-maroc","8":"tag-agriculture","9":"tag-culture","10":"tag-jerada","11":"tag-maroc","12":"tag-secheresse"},"share_on_mastodon":{"url":"","error":""},"_links":{"self":[{"href":"https:\/\/www.europesays.com\/africa\/wp-json\/wp\/v2\/posts\/2873","targetHints":{"allow":["GET"]}}],"collection":[{"href":"https:\/\/www.europesays.com\/africa\/wp-json\/wp\/v2\/posts"}],"about":[{"href":"https:\/\/www.europesays.com\/africa\/wp-json\/wp\/v2\/types\/post"}],"author":[{"embeddable":true,"href":"https:\/\/www.europesays.com\/africa\/wp-json\/wp\/v2\/users\/2"}],"replies":[{"embeddable":true,"href":"https:\/\/www.europesays.com\/africa\/wp-json\/wp\/v2\/comments?post=2873"}],"version-history":[{"count":0,"href":"https:\/\/www.europesays.com\/africa\/wp-json\/wp\/v2\/posts\/2873\/revisions"}],"wp:featuredmedia":[{"embeddable":true,"href":"https:\/\/www.europesays.com\/africa\/wp-json\/wp\/v2\/media\/2874"}],"wp:attachment":[{"href":"https:\/\/www.europesays.com\/africa\/wp-json\/wp\/v2\/media?parent=2873"}],"wp:term":[{"taxonomy":"category","embeddable":true,"href":"https:\/\/www.europesays.com\/africa\/wp-json\/wp\/v2\/categories?post=2873"},{"taxonomy":"post_tag","embeddable":true,"href":"https:\/\/www.europesays.com\/africa\/wp-json\/wp\/v2\/tags?post=2873"}],"curies":[{"name":"wp","href":"https:\/\/api.w.org\/{rel}","templated":true}]}}