{"id":28908,"date":"2026-01-17T09:59:07","date_gmt":"2026-01-17T09:59:07","guid":{"rendered":"https:\/\/www.europesays.com\/africa\/28908\/"},"modified":"2026-01-17T09:59:07","modified_gmt":"2026-01-17T09:59:07","slug":"can-2025-le-senegal-crie-au-scandale-avant-la-finale-face-au-maroc","status":"publish","type":"post","link":"https:\/\/www.europesays.com\/africa\/28908\/","title":{"rendered":"CAN 2025 : le S\u00e9n\u00e9gal crie au scandale avant la finale face au Maroc"},"content":{"rendered":"<p>Tout part d\u2019un \u00e9pisode survenu \u00e0 l\u2019arriv\u00e9e de la d\u00e9l\u00e9gation s\u00e9n\u00e9galaise dans la capitale marocaine. Depuis le d\u00e9but de la CAN, le S\u00e9n\u00e9gal avait install\u00e9 son camp de base \u00e0 Tanger, o\u00f9 il a disput\u00e9 l\u2019ensemble de ses matchs avant la finale. Le d\u00e9placement vers Rabat, cens\u00e9 \u00eatre ma\u00eetris\u00e9, a rapidement tourn\u00e9 au chaos.<\/p>\n<p>Dans son communiqu\u00e9, la FSF \u00e9voque \u00ab\u00a0plusieurs dysfonctionnements\u00a0\u00bb et pointe en premier lieu \u00ab\u00a0l&#8217;absence manifeste de dispositif de s\u00e9curit\u00e9 ad\u00e9quat\u00a0\u00bb \u00e0 la gare de Rabat. Des images relay\u00e9es sur les r\u00e9seaux sociaux montrent clairement les joueurs s\u00e9n\u00e9galais, dont Sadio Man\u00e9, contraints de se frayer un passage au milieu de la foule \u00e0 leur descente du train. Aucun cordon. Aucun filtrage.<\/p>\n<p>La F\u00e9d\u00e9ration s\u00e9n\u00e9galaise estime que cette situation a expos\u00e9 joueurs et staff \u00e0 des risques inutiles. \u00ab\u00a0Cette carence a expos\u00e9 les joueurs et le staff technique \u00e0 une promiscuit\u00e9 et \u00e0 des risques incompatibles avec les standards d&#8217;une comp\u00e9tition de cette envergure\u00a0\u00bb, peut-on lire dans le texte.<\/p>\n<p><a href=\"https:\/\/www.goal.com\/fr\/parier-en-ligne\/pronostics-vainqueur-can\/blt4d04df61861adc36\" target=\"_self\" rel=\"nofollow noopener\">Pronostic pour le vainqueur de la CAN 2025 : une victoire assur\u00e9e pour le Maroc ?<\/a><\/p>\n","protected":false},"excerpt":{"rendered":"Tout part d\u2019un \u00e9pisode survenu \u00e0 l\u2019arriv\u00e9e de la d\u00e9l\u00e9gation s\u00e9n\u00e9galaise dans la capitale marocaine. Depuis le d\u00e9but&hellip;\n","protected":false},"author":2,"featured_media":28909,"comment_status":"","ping_status":"","sticky":false,"template":"","format":"standard","meta":{"footnotes":""},"categories":[48],"tags":[146,158,165,159,17064,17065],"class_list":{"0":"post-28908","1":"post","2":"type-post","3":"status-publish","4":"format-standard","5":"has-post-thumbnail","7":"category-senegal","8":"tag-africa-cup-of-nations","9":"tag-maroc","10":"tag-morocco","11":"tag-senegal","12":"tag-senegal-vs-maroc","13":"tag-senegal-vs-morocco"},"share_on_mastodon":{"url":"","error":""},"_links":{"self":[{"href":"https:\/\/www.europesays.com\/africa\/wp-json\/wp\/v2\/posts\/28908","targetHints":{"allow":["GET"]}}],"collection":[{"href":"https:\/\/www.europesays.com\/africa\/wp-json\/wp\/v2\/posts"}],"about":[{"href":"https:\/\/www.europesays.com\/africa\/wp-json\/wp\/v2\/types\/post"}],"author":[{"embeddable":true,"href":"https:\/\/www.europesays.com\/africa\/wp-json\/wp\/v2\/users\/2"}],"replies":[{"embeddable":true,"href":"https:\/\/www.europesays.com\/africa\/wp-json\/wp\/v2\/comments?post=28908"}],"version-history":[{"count":0,"href":"https:\/\/www.europesays.com\/africa\/wp-json\/wp\/v2\/posts\/28908\/revisions"}],"wp:featuredmedia":[{"embeddable":true,"href":"https:\/\/www.europesays.com\/africa\/wp-json\/wp\/v2\/media\/28909"}],"wp:attachment":[{"href":"https:\/\/www.europesays.com\/africa\/wp-json\/wp\/v2\/media?parent=28908"}],"wp:term":[{"taxonomy":"category","embeddable":true,"href":"https:\/\/www.europesays.com\/africa\/wp-json\/wp\/v2\/categories?post=28908"},{"taxonomy":"post_tag","embeddable":true,"href":"https:\/\/www.europesays.com\/africa\/wp-json\/wp\/v2\/tags?post=28908"}],"curies":[{"name":"wp","href":"https:\/\/api.w.org\/{rel}","templated":true}]}}