{"id":2896,"date":"2026-01-04T14:25:15","date_gmt":"2026-01-04T14:25:15","guid":{"rendered":"https:\/\/www.europesays.com\/africa\/2896\/"},"modified":"2026-01-04T14:25:15","modified_gmt":"2026-01-04T14:25:15","slug":"le-jeu-trouble-du-president-bassirou-diomaye-faye-dans-laffaire-ndingler","status":"publish","type":"post","link":"https:\/\/www.europesays.com\/africa\/2896\/","title":{"rendered":"Le jeu trouble du pr\u00e9sident Bassirou Diomaye Faye dans l&#8217;affaire Ndingler"},"content":{"rendered":"<p>Le litige foncier opposant les paysans du village de Ndingler, situ\u00e9 dans la commune de Ndiaganiao, \u00e0 l\u2019homme d\u2019affaires Babacar Ngom, fondateur de la S\u00e9n\u00e9galaise de distribution de mat\u00e9riel avicole (S\u00e9dima), demeure non r\u00e9solu plusieurs ann\u00e9es apr\u00e8s son d\u00e9clenchement. Cette affaire, aux ramifications administratives, politiques et sociales, trouve son origine dans une d\u00e9cision fonci\u00e8re prise en 2012 par le Conseil rural de Sindia.            <\/p>\n<p class=\"pread\" style=\"background: #fff6d3;font-size:17px !important;padding:0px 0 16px 0;border:none;font-family:'source-sans-pro' !important;color:#444 !important;\">\n<p>La suite est r\u00e9serv\u00e9e \u00e0 nos abonn\u00e9s.<br \/>D\u00e9j\u00e0 abonn\u00e9 ? <a href=\"https:\/\/www.senenews.com\/login?redirect_to=https:\/\/www.senenews.com\/premium\/le-jeu-trouble-du-president-bassirou-diomaye-faye-dans-laffaire-ndingler-sedima_571307.html\" style=\"text-decoration: underline !important;font-weight: bold;\" rel=\"nofollow noopener\" target=\"_blank\">Se connecter<\/a><\/p>\n<p>Profitez de 3 mois offerts<br \/>et acc\u00e9dez \u00e0 tous nos contenus<br \/>sans aucune publicit\u00e9<\/p>\n<p style=\"text-align:center;font-size:14px;font-family:'source-sans-pro'\">\n<a href=\"https:\/\/www.senenews.com\/rejoignez-senenews-premium-pour-soutenir-une-redaction-libre-et-independante\" style=\"text-decoration:none!important;border-bottom:1px solid\" rel=\"nofollow noopener\" target=\"_blank\">Pourquoi vous devez soutenir l\u2019initiative Senenews Premium?<\/a><\/p>\n","protected":false},"excerpt":{"rendered":"Le litige foncier opposant les paysans du village de Ndingler, situ\u00e9 dans la commune de Ndiaganiao, \u00e0 l\u2019homme&hellip;\n","protected":false},"author":2,"featured_media":2897,"comment_status":"","ping_status":"","sticky":false,"template":"","format":"standard","meta":{"footnotes":""},"categories":[48],"tags":[480,161,277,248,159,163],"class_list":{"0":"post-2896","1":"post","2":"type-post","3":"status-publish","4":"format-standard","5":"has-post-thumbnail","7":"category-senegal","8":"tag-a-la-une","9":"tag-articles-premium","10":"tag-bassirou-diomaye-faye","11":"tag-politique","12":"tag-senegal","13":"tag-senegal-actualites"},"share_on_mastodon":{"url":"","error":""},"_links":{"self":[{"href":"https:\/\/www.europesays.com\/africa\/wp-json\/wp\/v2\/posts\/2896","targetHints":{"allow":["GET"]}}],"collection":[{"href":"https:\/\/www.europesays.com\/africa\/wp-json\/wp\/v2\/posts"}],"about":[{"href":"https:\/\/www.europesays.com\/africa\/wp-json\/wp\/v2\/types\/post"}],"author":[{"embeddable":true,"href":"https:\/\/www.europesays.com\/africa\/wp-json\/wp\/v2\/users\/2"}],"replies":[{"embeddable":true,"href":"https:\/\/www.europesays.com\/africa\/wp-json\/wp\/v2\/comments?post=2896"}],"version-history":[{"count":0,"href":"https:\/\/www.europesays.com\/africa\/wp-json\/wp\/v2\/posts\/2896\/revisions"}],"wp:featuredmedia":[{"embeddable":true,"href":"https:\/\/www.europesays.com\/africa\/wp-json\/wp\/v2\/media\/2897"}],"wp:attachment":[{"href":"https:\/\/www.europesays.com\/africa\/wp-json\/wp\/v2\/media?parent=2896"}],"wp:term":[{"taxonomy":"category","embeddable":true,"href":"https:\/\/www.europesays.com\/africa\/wp-json\/wp\/v2\/categories?post=2896"},{"taxonomy":"post_tag","embeddable":true,"href":"https:\/\/www.europesays.com\/africa\/wp-json\/wp\/v2\/tags?post=2896"}],"curies":[{"name":"wp","href":"https:\/\/api.w.org\/{rel}","templated":true}]}}