{"id":292,"date":"2026-01-03T12:46:08","date_gmt":"2026-01-03T12:46:08","guid":{"rendered":"https:\/\/www.europesays.com\/africa\/292\/"},"modified":"2026-01-03T12:46:08","modified_gmt":"2026-01-03T12:46:08","slug":"sous-leffet-des-pluies-le-lac-dayet-erroumi-renait-les-abords-eux-se-degradent","status":"publish","type":"post","link":"https:\/\/www.europesays.com\/africa\/292\/","title":{"rendered":"Sous l\u2019effet des pluies, le lac Dayet Erroumi rena\u00eet \u2014 les abords, eux, se d\u00e9gradent"},"content":{"rendered":"<p class=\"default__StyledText-sc-10mj2vp-0 CxBBS body-paragraph\">Si les r\u00e9centes pr\u00e9cipitations ont permis de relever sensiblement le niveau des eaux de Dayet Erroumi, situ\u00e9e \u00e0 une quinzaine de kilom\u00e8tres au sud-est de Kh\u00e9misset, l\u2019environnement imm\u00e9diat de ce site naturel semble, en revanche, avoir \u00e9t\u00e9 laiss\u00e9 pour compte par les autorit\u00e9s locales.<\/p>\n<p class=\"default__StyledText-sc-10mj2vp-0 CxBBS body-paragraph\">Aux abords du lac, l\u2019absence apparente de dispositif de surveillance \u2014 qu\u2019il s\u2019agisse d\u2019un gardiennage permanent ou d\u2019une pr\u00e9sence foresti\u00e8re \u2014 favorise l\u2019accumulation de d\u00e9chets m\u00e9nagers, lesquels attirent des meutes de chiens errants ayant progressivement investi les lieux. Une situation qui suscite l\u2019inqui\u00e9tude et l\u2019indignation des visiteurs.<\/p>\n<p class=\"default__StyledText-sc-10mj2vp-0 CxBBS body-paragraph\">Interrog\u00e9s par Le360, plusieurs d\u2019entre eux d\u00e9plorent un \u00e9tat d\u2019abandon incompatible avec la valeur paysag\u00e8re et touristique du site. \u00abJe suis choqu\u00e9 par l\u2019\u00e9tat dans lequel se trouve ce lac. Je demande aux responsables d\u2019intervenir pour prot\u00e9ger cet espace connu \u00e0 travers le monde\u00bb, confie Mohamed Balli, professeur universitaire. Celui-ci pointe notamment l\u2019absence d\u2019am\u00e9nagements de base tels que des sanitaires, des caf\u00e9s, des aires de jeux pour enfants ou encore des parkings organis\u00e9s.<\/p>\n<p class=\"interstitial-link block-margin-bottom\">Lire aussi : <a href=\"https:\/\/fr.le360.ma\/societe\/le-lac-dayet-erroumi-en-peril-secheresse-pollution-et-manque-dentretien-menacent-le-site_VVZOWWCXINHZ7EDBECCZHX5M3A\/\" aria-label=\"Ouvrir un article associ\u00e9\" class=\"default__StyledLink-sc-10mj2vp-1 kkYPzd\" rel=\"nofollow noopener\" target=\"_blank\">Le lac Dayet Erroumi en p\u00e9ril: s\u00e9cheresse, pollution et manque d\u2019entretien menacent le site<\/a><\/p>\n<p class=\"default__StyledText-sc-10mj2vp-0 CxBBS body-paragraph\">Dayet Erroumi, lac naturel embl\u00e9matique de la r\u00e9gion de Kh\u00e9misset et situ\u00e9 \u00e0 environ une heure de Rabat, est r\u00e9put\u00e9 pour son cadre verdoyant, ses collines environnantes et son potentiel de loisirs de plein air. Le site offre en effet des activit\u00e9s telles que la randonn\u00e9e, le pique-nique, la p\u00eache ou encore les sports nautiques (p\u00e9dalo, cano\u00eb), ainsi qu\u2019une offre d\u2019h\u00e9bergements touristiques, faisant de ce plan d\u2019eau une destination privil\u00e9gi\u00e9e pour les amateurs d\u2019escapades nature.<\/p>\n<p class=\"default__StyledText-sc-10mj2vp-0 CxBBS body-paragraph\">Autant d\u2019atouts qui, selon les usagers, m\u00e9riteraient une strat\u00e9gie de valorisation et de protection \u00e0 la hauteur de son importance \u00e9cologique, paysag\u00e8re et touristique.<\/p>\n<p>Par <a class=\"article-main-information-credits-bold href\" href=\"https:\/\/fr.le360.ma\/auteur\/mohamed-chakir-alaoui\" rel=\"nofollow noopener\" target=\"_blank\">Mohamed Chakir Alaoui<\/a> et Yassine Mannan<\/p>\n<p>Le 03\/01\/2026 \u00e0 09h36<\/p>\n","protected":false},"excerpt":{"rendered":"Si les r\u00e9centes pr\u00e9cipitations ont permis de relever sensiblement le niveau des eaux de Dayet Erroumi, situ\u00e9e \u00e0&hellip;\n","protected":false},"author":2,"featured_media":293,"comment_status":"","ping_status":"","sticky":false,"template":"","format":"standard","meta":{"footnotes":""},"categories":[41],"tags":[392,394,158,396,393,395],"class_list":{"0":"post-292","1":"post","2":"type-post","3":"status-publish","4":"format-standard","5":"has-post-thumbnail","7":"category-maroc","8":"tag-environnement","9":"tag-lac","10":"tag-maroc","11":"tag-nature","12":"tag-pluies","13":"tag-tourisme-interne"},"share_on_mastodon":{"url":"","error":""},"_links":{"self":[{"href":"https:\/\/www.europesays.com\/africa\/wp-json\/wp\/v2\/posts\/292","targetHints":{"allow":["GET"]}}],"collection":[{"href":"https:\/\/www.europesays.com\/africa\/wp-json\/wp\/v2\/posts"}],"about":[{"href":"https:\/\/www.europesays.com\/africa\/wp-json\/wp\/v2\/types\/post"}],"author":[{"embeddable":true,"href":"https:\/\/www.europesays.com\/africa\/wp-json\/wp\/v2\/users\/2"}],"replies":[{"embeddable":true,"href":"https:\/\/www.europesays.com\/africa\/wp-json\/wp\/v2\/comments?post=292"}],"version-history":[{"count":0,"href":"https:\/\/www.europesays.com\/africa\/wp-json\/wp\/v2\/posts\/292\/revisions"}],"wp:featuredmedia":[{"embeddable":true,"href":"https:\/\/www.europesays.com\/africa\/wp-json\/wp\/v2\/media\/293"}],"wp:attachment":[{"href":"https:\/\/www.europesays.com\/africa\/wp-json\/wp\/v2\/media?parent=292"}],"wp:term":[{"taxonomy":"category","embeddable":true,"href":"https:\/\/www.europesays.com\/africa\/wp-json\/wp\/v2\/categories?post=292"},{"taxonomy":"post_tag","embeddable":true,"href":"https:\/\/www.europesays.com\/africa\/wp-json\/wp\/v2\/tags?post=292"}],"curies":[{"name":"wp","href":"https:\/\/api.w.org\/{rel}","templated":true}]}}