{"id":2923,"date":"2026-01-04T14:40:02","date_gmt":"2026-01-04T14:40:02","guid":{"rendered":"https:\/\/www.europesays.com\/africa\/2923\/"},"modified":"2026-01-04T14:40:02","modified_gmt":"2026-01-04T14:40:02","slug":"can-2025-le-programme-des-matchs-daujourdhui-samedi-3-janvier-avec-le-senegal-la-tunisie-et-le-mali","status":"publish","type":"post","link":"https:\/\/www.europesays.com\/africa\/2923\/","title":{"rendered":"CAN 2025\u00a0: le programme des matchs d\u2019aujourd\u2019hui samedi 3\u00a0janvier avec le S\u00e9n\u00e9gal, la Tunisie et le Mali"},"content":{"rendered":"<p class=\"paragraph text_align_left lp-f-body-02\">Apr\u00e8s deux jours de repos bien m\u00e9rit\u00e9s pour les joueurs et les staffs, <a href=\"https:\/\/www.leparisien.fr\/sports\/football\/coupe-d-afrique-des-nations\/\" target=\"_blank\" rel=\"noreferrer nofollow noopener\">la Coupe d\u2019Afrique des nations 2025<\/a> entre dans sa deuxi\u00e8me phase avec les matchs \u00e0 \u00e9limination directe. D\u00e8s ce samedi 3 janvier, les seize derni\u00e8res nations en lice vont s\u2019affronter pour tenter d\u2019aller d\u00e9crocher le titre tant convoit\u00e9.<\/p>\n<p class=\"\"><a href=\"https:\/\/www.leparisien.fr\/sports\/football\/coupe-d-afrique-des-nations\/can-2025-le-tableau-complet-des-matchs-des-8es-de-finale-avec-les-dates-et-les-horaires-31-12-2025-DB6EECEXRZGPPDCW5HGFLYBG2M.php\" target=\"_blank\" rel=\"noreferrer nofollow noopener\">Les huiti\u00e8mes de finale<\/a> ont \u00e9t\u00e9 r\u00e9partis sur quatre jours, avec deux rencontres \u00e0 chaque fois. Le premier match aura lieu \u00e0 17 heures, le second \u00e0 20 heures.<\/p>\n<p class=\"\">C\u2019est <a href=\"https:\/\/www.leparisien.fr\/sports\/football\/senegal\/\" target=\"_blank\" rel=\"noreferrer nofollow noopener\">le S\u00e9n\u00e9gal<\/a> qui ouvre le bal ce samedi face au Soudan au stade Ibn Batouta de Tanger. Premiers de leur groupe avec des victoires face au Botswana et au B\u00e9nin et un match nul contre la R\u00e9publique d\u00e9mocratique du Congo, les S\u00e9n\u00e9galais partent largement favoris face aux Soudanais, qui n\u2019ont arrach\u00e9 qu\u2019un seul succ\u00e8s, face \u00e0 la Guin\u00e9e \u00e9quatoriale. Ils ont termin\u00e9 derri\u00e8re <a href=\"https:\/\/www.leparisien.fr\/sports\/football\/algerie\/\" target=\"_blank\" rel=\"noreferrer nofollow noopener\">l\u2019Alg\u00e9rie<\/a> et le Burkina Faso.<\/p>\n<p>Les matchs du 3 janvier<\/p>\n<p class=\"\">Huiti\u00e8mes de finale :<\/p>\n<p class=\"\">S\u00e9n\u00e9gal-Soudan (17 heures) (\u00e0 suivre en direct comment\u00e9 sur leparisien.fr)<\/p>\n<p class=\"\">Mali-Tunisie (20 heures) (\u00e0 suivre en direct comment\u00e9 sur leparisien.fr)<\/p>\n<p class=\"\">Apr\u00e8s cette premi\u00e8re rencontre, <a href=\"https:\/\/www.leparisien.fr\/sports\/football\/tunisie\/\" target=\"_blank\" rel=\"noreferrer nofollow noopener\">la Tunisie<\/a> affrontera le Mali au stade Mohamed V de Casablanca. Un duel explosif entre deux outsiders pour le titre qui ont termin\u00e9 \u00e0 la deuxi\u00e8me place de leurs groupes respectifs. Pour les Aigles de Carthage, c\u2019\u00e9tait derri\u00e8re le Nig\u00e9ria dans la poule C. Pour le Mali, c\u2019\u00e9tait dans la poule A derri\u00e8re le Maroc. Les Maliens n\u2019ont pas encore remport\u00e9 le moindre match puisqu\u2019ils se sont qualifi\u00e9s avec trois matchs nuls.<\/p>\n","protected":false},"excerpt":{"rendered":"Apr\u00e8s deux jours de repos bien m\u00e9rit\u00e9s pour les joueurs et les staffs, la Coupe d\u2019Afrique des nations&hellip;\n","protected":false},"author":2,"featured_media":2924,"comment_status":"","ping_status":"","sticky":false,"template":"","format":"standard","meta":{"footnotes":""},"categories":[48],"tags":[360,311,159,264],"class_list":{"0":"post-2923","1":"post","2":"type-post","3":"status-publish","4":"format-standard","5":"has-post-thumbnail","7":"category-senegal","8":"tag-can","9":"tag-football","10":"tag-senegal","11":"tag-sports"},"share_on_mastodon":{"url":"","error":""},"_links":{"self":[{"href":"https:\/\/www.europesays.com\/africa\/wp-json\/wp\/v2\/posts\/2923","targetHints":{"allow":["GET"]}}],"collection":[{"href":"https:\/\/www.europesays.com\/africa\/wp-json\/wp\/v2\/posts"}],"about":[{"href":"https:\/\/www.europesays.com\/africa\/wp-json\/wp\/v2\/types\/post"}],"author":[{"embeddable":true,"href":"https:\/\/www.europesays.com\/africa\/wp-json\/wp\/v2\/users\/2"}],"replies":[{"embeddable":true,"href":"https:\/\/www.europesays.com\/africa\/wp-json\/wp\/v2\/comments?post=2923"}],"version-history":[{"count":0,"href":"https:\/\/www.europesays.com\/africa\/wp-json\/wp\/v2\/posts\/2923\/revisions"}],"wp:featuredmedia":[{"embeddable":true,"href":"https:\/\/www.europesays.com\/africa\/wp-json\/wp\/v2\/media\/2924"}],"wp:attachment":[{"href":"https:\/\/www.europesays.com\/africa\/wp-json\/wp\/v2\/media?parent=2923"}],"wp:term":[{"taxonomy":"category","embeddable":true,"href":"https:\/\/www.europesays.com\/africa\/wp-json\/wp\/v2\/categories?post=2923"},{"taxonomy":"post_tag","embeddable":true,"href":"https:\/\/www.europesays.com\/africa\/wp-json\/wp\/v2\/tags?post=2923"}],"curies":[{"name":"wp","href":"https:\/\/api.w.org\/{rel}","templated":true}]}}