{"id":29477,"date":"2026-01-17T16:38:09","date_gmt":"2026-01-17T16:38:09","guid":{"rendered":"https:\/\/www.europesays.com\/africa\/29477\/"},"modified":"2026-01-17T16:38:09","modified_gmt":"2026-01-17T16:38:09","slug":"nouvel-ouvrage-tajeddine-el-houssaini-decortique-levolution-de-la-diplomatie-marocaine-dans-un-le-nouvel-echiquier-mondial-lopinion-ma","status":"publish","type":"post","link":"https:\/\/www.europesays.com\/africa\/29477\/","title":{"rendered":"Nouvel ouvrage : Tajeddine El Houssaini d\u00e9cortique l&#039;\u00e9volution de la diplomatie marocaine dans un le nouvel \u00e9chiquier mondial &#8211; lopinion.ma"},"content":{"rendered":"<p><a href=\"https:\/\/news.google.com\/rss\/articles\/CBMilAJBVV95cUxPLW1FeUxXMUlNeF95aEF4c0JtVTRSYXVFVDVSM2lzNXBocFA5ODhqN0ZiMzlQbW5TZkxCejRRWG1aTTQ5ZC16UmR5RGF0ZVNDVzg0NlNTY09JQnVFR1dhenp3TzEtMktPUFBCYkYtbVBUNUJNQUZUNTF5S0VMVjlqRURrcUx1RDRINWlNRjRBMTZ5ZEpnMjNBeWdYTVZXU0NhSnJGYlpYVnZWY1FTcy1IczZPRHpUZmtWUDlkd25zaHJPcFhISXZkRk01d3JGRGhVaGg2UHhYRkQtSlIxdUtaV0pHN2RfNnE0Q09BdVVvbGdxSThuNEw2X3BzTzFaNmxkQkFFMUlnR0dJQzVlQ2ZpUUZCSzg?oc=5\" target=\"_blank\" rel=\"nofollow noopener\">Nouvel ouvrage : Tajeddine El Houssaini d\u00e9cortique l&#8217;\u00e9volution de la diplomatie marocaine dans un le nouvel \u00e9chiquier mondial<\/a>&nbsp;&nbsp;lopinion.ma<a href=\"https:\/\/news.google.com\/rss\/articles\/CBMi5gFBVV95cUxNMnk5SUpiNE5RVG90dmY5NS1YOEd6NnlGX0JlVXJWSU4tQUExSGE3V1V6eWlBVXZfWEZhQ2Q1VFhKaVlOWkhEYlB5V0c2ZWFWQlA3a056T2l4MmNpSGM1WGxBMExhZHhNMDRnR0NjaFJmNkphQW1KTi03Tk5ZcTFzVUFtT1JlRER1MDZCUkpoWUhsd1FnaVBnUXNrZUpmUncyRVNrWGZ6ZUNldVdNZm9teUVlNlBHSG9tN05FcTlxMy1Hcm0zQlQ0QmMxSW9aOHZlNlF3dExzV2NHYjlKb2luSlEwZHllUQ?oc=5\" target=\"_blank\" rel=\"nofollow noopener\">Le maroc, miroir qui renvoie l\u2019adversit\u00e9 \u00e0 son propre n\u00e9ant<\/a>&nbsp;&nbsp;lopinion.ma<a href=\"https:\/\/news.google.com\/rss\/articles\/CBMi6AFBVV95cUxNSDZRbFcwUkRNZ1hLVFdkNElBUXZtZ2tuMGl1RTVxTk5SMC1oQ3FqQ3FUNXNNTm84NUhlTTB5eUFoelF0TTVZRmJXT0JGSE44dlNFTjhDRDJKTGwyZ3U4emRTdUhwU1RQWENMRWJtdl9SWVBTOHVUbmhPdUpqQ2FHWTc5ZzN5NkxieDdRdVIzUUFoemlCYzREM3hzYXpfS0FUVEFZREpKYlVBOTFSRVJVZHdHb2RRcThQWi1FekZKcGRKemRPY2hpSVhLcGdEd2dqQ04yNlVGbFc1YjFFd25VOEl4ekY3TTJt?oc=5\" target=\"_blank\" rel=\"nofollow noopener\">Ascension diplomatique marocaine : Un ouvrage monumental retrace quarante ans de strat\u00e9gie internationale et d\u2019influence du Royaume<\/a>&nbsp;&nbsp;laverite.ma<a href=\"https:\/\/news.google.com\/rss\/articles\/CBMiV0FVX3lxTE9DWnd6MHVob3M4TnpBdnpzTGIzZ2h3TVhCTG1KTGRJdkFwYnRHZmJkQVBRaC13TllSTEg1cmphTjB0c29JWWVyVHBIZGtEaWJZaFNzWVBKdw?oc=5\" target=\"_blank\" rel=\"nofollow noopener\">Analyse \u2013 La vision royale : architecture normative et strat\u00e9gique de l\u2019\u00c9tat marocain contemporain<\/a>&nbsp;&nbsp;Article19.ma<a href=\"https:\/\/news.google.com\/rss\/articles\/CBMimgFBVV95cUxQSVlGV0FSM01iS1E4OVZ0a2d1Q21QNzQzV0EweHRyNjJfRTZ1TE15OXM3a0xPNnk1V0Rkbnd1SHEyTFoxc251bjJLNTQ5WmpoNWpuRFNLWWZzaHZSQ1BNZmMzVGtBZGc0UTRkSUlrUDlEZ0w1MGh6bUxPX2ZuRVdvYk9qV1ExaHdOb0lZUjRuNjgxWjJBNTU1UERR?oc=5\" target=\"_blank\" rel=\"nofollow noopener\">Le Maroc, entre deux vitesses&#8230; Quand l&#8217;\u00c9tat d\u00e9passe son \u00e9lite<\/a>&nbsp;&nbsp;Hespress Fran\u00e7ais &#8211; Actualit\u00e9s du Maroc<\/p>\n","protected":false},"excerpt":{"rendered":"Nouvel ouvrage : Tajeddine El Houssaini d\u00e9cortique l&#8217;\u00e9volution de la diplomatie marocaine dans un le nouvel \u00e9chiquier mondial&nbsp;&nbsp;lopinion.maLe&hellip;\n","protected":false},"author":2,"featured_media":29478,"comment_status":"","ping_status":"","sticky":false,"template":"","format":"standard","meta":{"footnotes":""},"categories":[41],"tags":[16953,16860,17981,1184,158,16861,17980,6133,7264,7888,17982],"class_list":{"0":"post-29477","1":"post","2":"type-post","3":"status-publish","4":"format-standard","5":"has-post-thumbnail","7":"category-maroc","8":"tag-actu-maroc","9":"tag-actualites-maroc","10":"tag-analyse-politique","11":"tag-diplomatie","12":"tag-maroc","13":"tag-news-morocco","14":"tag-nouvel-ouvrage-tajeddine-el","15":"tag-parution","16":"tag-relations-internationales","17":"tag-sahara","18":"tag-tajeddine-el-houssaini"},"share_on_mastodon":{"url":"","error":""},"_links":{"self":[{"href":"https:\/\/www.europesays.com\/africa\/wp-json\/wp\/v2\/posts\/29477","targetHints":{"allow":["GET"]}}],"collection":[{"href":"https:\/\/www.europesays.com\/africa\/wp-json\/wp\/v2\/posts"}],"about":[{"href":"https:\/\/www.europesays.com\/africa\/wp-json\/wp\/v2\/types\/post"}],"author":[{"embeddable":true,"href":"https:\/\/www.europesays.com\/africa\/wp-json\/wp\/v2\/users\/2"}],"replies":[{"embeddable":true,"href":"https:\/\/www.europesays.com\/africa\/wp-json\/wp\/v2\/comments?post=29477"}],"version-history":[{"count":0,"href":"https:\/\/www.europesays.com\/africa\/wp-json\/wp\/v2\/posts\/29477\/revisions"}],"wp:featuredmedia":[{"embeddable":true,"href":"https:\/\/www.europesays.com\/africa\/wp-json\/wp\/v2\/media\/29478"}],"wp:attachment":[{"href":"https:\/\/www.europesays.com\/africa\/wp-json\/wp\/v2\/media?parent=29477"}],"wp:term":[{"taxonomy":"category","embeddable":true,"href":"https:\/\/www.europesays.com\/africa\/wp-json\/wp\/v2\/categories?post=29477"},{"taxonomy":"post_tag","embeddable":true,"href":"https:\/\/www.europesays.com\/africa\/wp-json\/wp\/v2\/tags?post=29477"}],"curies":[{"name":"wp","href":"https:\/\/api.w.org\/{rel}","templated":true}]}}