{"id":2949,"date":"2026-01-04T14:55:23","date_gmt":"2026-01-04T14:55:23","guid":{"rendered":"https:\/\/www.europesays.com\/africa\/2949\/"},"modified":"2026-01-04T14:55:23","modified_gmt":"2026-01-04T14:55:23","slug":"reboiseur-dans-lorne-il-plante-les-forets-de-demain-en-etudiant-levolution-des-arbres-et-du-climat","status":"publish","type":"post","link":"https:\/\/www.europesays.com\/africa\/2949\/","title":{"rendered":"Reboiseur dans l\u2019Orne, il plante les for\u00eats de demain en \u00e9tudiant l\u2019\u00e9volution des arbres et du climat"},"content":{"rendered":"<p>                    Par<\/p>\n<p>            <a href=\"https:\/\/actu.fr\/auteur\/karina-pujeolle\" title=\"Consulter tous les articles de Karina Pujeolle\" rel=\"nofollow noopener\" target=\"_blank\">Karina Pujeolle<\/a><\/p>\n<p>        Publi\u00e9 le<\/p>\n<p>            3 janv. 2026 \u00e0 6h16        <\/p>\n<p>Nom\u2009: Bourr\u00e9. Pr\u00e9nom\u2009: Thierry. Profession\u2009: Reboiseur.<br \/>Reboiseur\u2009? \u00ab\u2009C\u2019est ce qu\u2019on devient quand on n\u2019est pas bon \u00e0 l\u2019\u00e9cole\u2009!\u2009\u00bb Celui qui a vu le jour en janvier\u00a01968 \u00e0 Vingt-Hanaps, au pied de la for\u00eat d\u2019\u00c9couves, dans l\u2019<a href=\"https:\/\/actu.fr\/orne-hebdo\/\" rel=\"nofollow noopener\" target=\"_blank\">Orne<\/a>, cultive un certain go\u00fbt de l\u2019ironie.<br \/>Mais \u00e0 l\u2019image de l\u2019arbre qui cache la for\u00eat, derri\u00e8re un l\u00e9ger complexe d\u2019avoir \u00e9t\u00e9 f\u00e2ch\u00e9 assez t\u00f4t avec le syst\u00e8me scolaire fran\u00e7ais, l\u2019homme regorge de connaissances sylvicoles et arboricoles qu\u2019il distille sans faire ombrage aux oreilles incultes mais avides de ces savoirs.<br \/>Thierry Bourr\u00e9 n\u2019avait pourtant jamais r\u00eav\u00e9 d\u2019\u00eatre reboiseur. \u00ab\u2009Je me suis fait virer de l\u2019\u00e9cole communale au motif que j\u2019\u00e9tais\u2009\u00bb turbulent \u00ab\u2009tout cela parce que j\u2019ai fait remarquer \u00e0 l\u2019instituteur, preuve \u00e0 l\u2019appui, que Louis XIV n\u2019\u00e9tait pas mort en 1615 comme il l\u2019annon\u00e7ait mais un si\u00e8cle plus tard\u2009\u00bb, d\u00e9gaine l\u2019Ornais la pilule encore am\u00e8re dans la gorge.<\/p>\n<p>\u00ab\u2009J\u2019y suis all\u00e9\u00a0par d\u00e9pit, ce fut\u00a0ma chance\u2009\u00bb<\/p>\n<p class=\" wall-content\">Adolescent, il s\u2019est fait \u00ab\u2009un peu rebelle\u2009\u00bb et se fait \u00e0 nouveau sortir de son \u00e9tablissement scolaire \u2013 le lyc\u00e9e Saint-Fran\u00e7ois-de-Sales \u00e0 Alen\u00e7on \u2013 en classe de premi\u00e8re.<\/p>\n<p>Je ne comprenais pas cette soci\u00e9t\u00e9. C\u2019est assez compliqu\u00e9 quand on n\u2019a pas un parcours scolaire classique, on doit se faire tout seul. C\u2019est assez rare mais cela se fait.<\/p>\n<p>Thierry Bourr\u00e9,reboiseur.<\/p>\n<p class=\" wall-content\">Il en est l\u2019illustration m\u00eame. \u00ab\u2009Comme j\u2019avais quitt\u00e9 l\u2019\u00e9cole, mon p\u00e8re qui \u00e9tait responsable d\u2019une bo\u00eete de reboisement, m\u2019a dit\u2009: \u2018\u2019Tant que tu ne sais pas quoi faire, viens avec moi en for\u00eat\u00a0\u00bb. J\u2019y suis all\u00e9 par d\u00e9pit\u2026 Ce fut ma chance. J\u2019y ai trouv\u00e9 ma place. Dans la for\u00eat, il n\u2019y a pas de jugement, il faut juste observer les choses et apprendre par soi-m\u00eame, ce dont j\u2019avais besoin\u2009\u00bb.<\/p>\n<p class=\" wall-content\">Il aime dire que dans sa voie, \u00ab\u2009il n\u2019y a pas d\u2019\u00e9chec scolaire et c\u2019est un des rares m\u00e9tiers qui ne n\u00e9cessite pas de savoir lire ou \u00e9crire. En m\u00eame temps, on ne voit jamais son r\u00e9sultat\u2009! Ou alors notre avenir est derri\u00e8re nous\u2009\u00bb.<\/p>\n<p>L\u2019entreprise Marie, \u00ab\u2009un fleuron\u2009\u00bb<\/p>\n<p class=\" wall-content\">Dans sa famille de forestiers, Thierry Bourr\u00e9 ajoute donc une g\u00e9n\u00e9ration suppl\u00e9mentaire. \u00ab\u2009Mais il y a plusieurs m\u00e9tiers derri\u00e8re ce terme. Et surtout, il y a ceux qui exploitent et ceux qui plantent.\u2009\u00bb<\/p>\n<p class=\" wall-content\">Lui a choisi ce second camp. \u00ab\u2009Mais je ne jette pas la pierre aux premiers car sans eux, je ne plante pas non plus\u2009!\u2009\u00bb, sourit-il.<\/p>\n<p>Votre r\u00e9gion, votre actu !<\/p>\n<p>Recevez chaque jour les infos qui comptent pour vous.<\/p>\n<p>\t<a href=\"https:\/\/actu.fr\/newsletter\" class=\"ac-btn ac-btn--corner ac-btn--medium ac-btn--blue800\" rel=\"nofollow noopener\" target=\"_blank\">S&#8217;incrire<\/a><\/p>\n<p class=\" wall-content\">Il a beaucoup appris au sein de l\u2019entreprise Marie, \u00e0 M\u00e9nil-Erreux, \u00ab\u2009un fleuron du reboisement \u00e0 l\u2019\u00e9poque\u2009\u00bb. Mais, solitaire dans l\u2019\u00e2me, il l\u2019a quitt\u00e9e en 1989 pour cr\u00e9er son entreprise \u00e0 Vingt-Hanaps.<\/p>\n<p class=\" wall-content\">Pour ce faire, il a d\u00fb r\u00e9exp\u00e9rimenter les bancs de l\u2019\u00e9cole, pendant neuf mois, pour d\u00e9crocher, avec brio, un Brevet professionnel de forestier. \u00ab\u2009J\u2019ai commenc\u00e9 tout seul, puis j\u2019ai d\u00e9bauch\u00e9 mon p\u00e8re.\u2009\u00bb Comme un passage de flambeau entre p\u00e8re et fils.<\/p>\n<p>&#8220;\u2009On ne fait pas ce m\u00e9tier pour faire fortune\u2009&#8221;<\/p>\n<p>Thierry Bourr\u00e9 a cr\u00e9\u00e9 son entreprise en 1989. Il a d\u00e9but\u00e9 seul. Depuis il emploie douze salari\u00e9s\u2009: &#8220;\u2009On est aujourd&#8217;hui parmi les plus grosses bo\u00eetes nationales de reboisement quand, il y a encore quelques ann\u00e9es, elles embauchaient entre 30 et 40\u00a0personnes.\u2009&#8221;<br \/>&#13;<br \/>\nIl rayonne sur tout le territoire, mais particuli\u00e8rement le Grand ouest et l&#8217;Est parisien. &#8220;\u2009Les diff\u00e9rents bassins me permettent de varier les exp\u00e9riences et ainsi de toujours apprendre.\u2009&#8221;<br \/>&#13;<br \/>\nSon chiffre d&#8217;affaires s&#8217;\u00e9tablit \u00e0 700\u2009000\u00a0\u20ac par an. &#8220;\u2009On ne fait pas ce m\u00e9tier pour gagner de l&#8217;argent. On en vit, certes, mais on ne fait pas fortune avec. On le fait par passion. D&#8217;autant que, physiquement, c&#8217;est tout de m\u00eame tr\u00e8s dur.\u2009&#8221;<br \/>&#13;<br \/>\nSon atelier est situ\u00e9 sur l&#8217;ancienne RD 438, dans le village de Vingt-Hanaps, mais ses bureaux sont d\u00e9sormais localis\u00e9s plus pr\u00e8s du bourg, de l&#8217;autre c\u00f4t\u00e9 de la quatre voies. &#8220;\u2009J&#8217;en ai eu assez de voir l&#8217;ancienne MAS (maison d&#8217;accueil sp\u00e9cialis\u00e9e) des M\u00e9zi\u00e8res devenir un site d&#8217;Urbex. Je l&#8217;ai rachet\u00e9 \u00e0 l&#8217;Adapei pour conserver ce patrimoine communal\u2009&#8221;, signale celui qui est aussi attach\u00e9 aux pierres.<\/p>\n<p>Pas en danger quand sur son aire<\/p>\n<p class=\" wall-content\">Son m\u00e9tier consiste \u00e0 planter des arbres l\u00e0 o\u00f9 on le lui demande. \u00ab\u2009Pour cr\u00e9er les for\u00eats de demain, pour des \u00eelots de fra\u00eecheur, avec les micros for\u00eats urbaines sur une surface de 300 \u00e0 400 m\u00b2, jamais plus\u2026\u2009\u00bb<\/p>\n<p class=\" wall-content\">La Nature\u2009? \u00ab\u2009Je suis \u00e0 son service, elle n\u2019a pas besoin de moi.\u2009\u00bb<\/p>\n<p>Quand on a compris que Dame Nature peut se passer de nous, on a compris que rien n\u2019est grave.<\/p>\n<p>Thierry Bourr\u00e9.<\/p>\n<p class=\" wall-content\">Thierry Bourr\u00e9 plante donc des arbres mais pas seulement, et surtout pas n\u2019importe comment. \u00ab\u2009Il nous faut d\u00e9sormais regarder quels arbres vont r\u00e9sister au changement climatique. Une esp\u00e8ce n\u2019est pas en danger quand elle est dans son aire g\u00e9ographique, sauf que celle-ci \u00e9volue d\u2019un \u00e0 deux km par an, ce qui signifie qu\u2019on peut planter un arbre sur un secteur, mais qu\u2019il mourra dans quelques ann\u00e9es car il ne sera plus adapt\u00e9 au climat de l\u2019endroit.\u2009\u00bb<\/p>\n<p class=\" wall-content\">Des exemples\u2009? \u00ab\u2009Le h\u00eatre pousse tr\u00e8s bien chez nous, en Normandie, mais il sera hors station dans 30 ou 40\u00a0ans, alors qu\u2019il ne sera pas encore adulte. A contrario, un baobab va crever, alors que, dans 30\u00a0ans, il serait peut-\u00eatre bien ici\u2009! Il nous faut trouver des zones sur lesquelles les arbres vont s\u2019acclimater et se d\u00e9velopper.\u2009\u00bb<\/p>\n<p>    <img   decoding=\"async\" loading=\"lazy\" class=\"size-large\" src=\"https:\/\/www.europesays.com\/africa\/wp-content\/uploads\/2026\/01\/f1d63b899a49626d63b899a494bd63v-960x640.jpg\" alt=\"Thierry Bourr\u00e9\" width=\"960\" height=\"640\"\/><br \/>\n    Thierry Bourr\u00e9 a cr\u00e9\u00e9 sa soci\u00e9t\u00e9 en 1989\u2009: ici, aux c\u00f4t\u00e9s d\u2019une partie de ses employ\u00e9s. \u00a9L\u2019Orne hebdoBordeaux et New York \u00e0 la m\u00eame latitude<\/p>\n<p class=\" wall-content\">Pour ce faire, Thierry Bourr\u00e9 participe \u00e0 des programmes \u00e0 l\u2019<a href=\"https:\/\/www.inrae.fr\/\" rel=\"nofollow noopener\" target=\"_blank\">INRAE<\/a> (Institut national de recherche pour l\u2019agriculture, l\u2019alimentation et l\u2019environnement).<\/p>\n<p class=\" wall-content\">\u00ab\u2009Le <a href=\"https:\/\/www.plantedforests.org\/fr\/reinfforce-presentation\/\" rel=\"nofollow noopener\" target=\"_blank\">r\u00e9seau R\u00e9infforce<\/a> \u00e9tudie l\u2019\u00e9volution des esp\u00e8ces par rapport au climat, au travers de 38 arboretums implant\u00e9s entre le Nord de l\u2019\u00c9cosse et le Sud du Portugal, avec une cinquantaine de vari\u00e9t\u00e9s\u2009\u00bb, d\u00e9taille l\u2019Ornais, qui rel\u00e8ve que \u00ab\u2009Bordeaux et New York sont \u00e0 la m\u00eame latitude, et pourtant, il ne fait pas la m\u00eame temp\u00e9rature l\u2019hiver\u2009\u00bb\u2009: les m\u00eames esp\u00e8ces ne peuvent donc pas vivre sur les deux territoires.<\/p>\n<p>Il faut trouver des esp\u00e8ces tr\u00e8s plastiques qui r\u00e9sistent au grand froid comme aux grandes s\u00e9cheresses et cela, sans modification g\u00e9n\u00e9tique.<\/p>\n<p>Thierry Bourr\u00e9.<\/p>\n<p class=\" wall-content\">Planter un arbre, l\u2019observer et le veiller, Thierry Bourr\u00e9 sait faire, mais le c\u00e2liner, un peu moins. \u00ab\u2009Je ne fais pas dans l\u2019anthropomorphisme. On peut \u00eatre bien au contact des arbres mais de l\u00e0 \u00e0 avoir un \u00e9change avec lui, j\u2019en suis moins s\u00fbr. Et puis, il y a la for\u00eat le jour qui fait du bien et celle de la nuit, dans laquelle on est moins serein. Mais je respecte les gens qui pratiquent la sylvoth\u00e9rapie.\u2009\u00bb<\/p>\n<p>Les arbres peuvent \u00eatre violents entre eux<\/p>\n<p class=\" wall-content\">Cela dit, l\u2019expert rel\u00e8ve que l\u2019homme et les arbres n\u2019\u00e9voluent pas dans le m\u00eame syst\u00e8me.<\/p>\n<p>Nous, sans arbre, on ne respire plus. L\u2019arbre sans homme trouvera toujours une source de carbone.<\/p>\n<p>Thierry Bourr\u00e9.<\/p>\n<p class=\" wall-content\">\u00ab\u2009Si on coupe une branche \u00e0 un arbre, \u00e7a ne va pas l\u2019emp\u00eacher de vivre, un homme sans un bras, c\u2019est plus difficile. Et le cerveau de l\u2019arbre, on le place o\u00f9\u2009? Partout et nulle part\u2009? En fait, je pense que l\u2019arbre s\u2019apparente plus \u00e0 une soci\u00e9t\u00e9 qu\u2019\u00e0 un \u00eatre humain. Il regroupe plusieurs \u00eatres en fait.\u2009\u00bb<\/p>\n<p class=\" wall-content\">Les arbres communiquent entre eux, en revanche. \u00ab\u2009Ils peuvent m\u00eame \u00eatre tr\u00e8s violents entre eux, \u00e0 l\u2019image du Ficus du S\u00e9n\u00e9gal qui, s\u2019il est trop proche d\u2019un arbre, l\u2019entoure pour l\u2019\u00e9trangler et pouvoir pousser. C\u2019est la loi du plus fort\u2009!\u2009\u00bb<\/p>\n<p class=\" wall-content\">Comme les forestiers\u2009? \u00ab\u2009Absolument pas. Depuis toujours, le forestier vit dans une civilisation, une soci\u00e9t\u00e9 \u00e0 part, pas dans le m\u00eame monde que les autres, un monde dans lequel il y a plus de solidarit\u00e9 que de concurrence.\u2009\u00bb<\/p>\n<p>    <img   decoding=\"async\" loading=\"lazy\" class=\"size-large\" src=\"https:\/\/www.europesays.com\/africa\/wp-content\/uploads\/2026\/01\/93226fe99a4964d226fe99a4951326v-960x640.jpg\" alt=\"Thierry Bourr\u00e9\" width=\"960\" height=\"640\"\/><br \/>\n    Thierry Bourr\u00e9, le reboiseur qui a plant\u00e9 l\u2019\u00eelot de fra\u00eecheur de Saint-Denis-sur-Sarthon, et Christelle Berthelemy, l\u2019\u00e9lue dyonisienne charg\u00e9e du projet, surveillent \u00e0 \u00e9ch\u00e9ances r\u00e9guli\u00e8res, la pousse des arbres. \u00a9L\u2019Orne hebdoDes m\u00e9connaissances contre-productives<\/p>\n<p class=\" wall-content\">Un homme des bois taiseux alors, le forestier\u2009? \u00ab\u2009Oui et cela nous allait bien jusqu\u2019\u00e0 pr\u00e9sent, mais il nous faut prendre la parole car il y a des prises de position du grand public sur les for\u00eats qui attestent de m\u00e9connaissances qui peuvent \u00eatre contre-productives.\u2009\u00bb<\/p>\n<p class=\" wall-content\">Un exemple\u2009? \u00ab\u2009Le papier recycl\u00e9 utilise davantage d\u2019eau et de produits chimiques que le papier issu de la coupe de petits arbres. Dans ce dernier cas, c\u2019est moins polluant.\u2009\u00bb<\/p>\n<p class=\" wall-content\">Des id\u00e9es re\u00e7ues qualifi\u00e9es de \u00ab\u2009tr\u00e8s g\u00eanantes\u2009\u00bb par le reboiseur qui, avec sa connaissance de la for\u00eat et son savoir, sort donc du bois pour se faire entendre.<\/p>\n<p class=\" wall-content\">Personnalisez votre actualit\u00e9 en ajoutant vos villes et m\u00e9dias en favori avec <a href=\"https:\/\/moncompte.actu.fr\" title=\"D\u00e9couvez Mon Actu\" rel=\"nofollow noopener\" data-trk=\"{&quot;cta&quot;:{&quot;action&quot;:&quot;https:\\\/\\\/moncompte.actu.fr&quot;,&quot;category&quot;:&quot;mon compte&quot;,&quot;from&quot;:&quot;article footer&quot;,&quot;name&quot;:&quot;Mon actu&quot;,&quot;type&quot;:&quot;cta&quot;}}\" target=\"_blank\">Mon Actu<\/a>.<\/p>\n","protected":false},"excerpt":{"rendered":"Par Karina Pujeolle Publi\u00e9 le 3 janv. 2026 \u00e0 6h16 Nom\u2009: Bourr\u00e9. Pr\u00e9nom\u2009: Thierry. Profession\u2009: Reboiseur.Reboiseur\u2009? \u00ab\u2009C\u2019est ce&hellip;\n","protected":false},"author":2,"featured_media":2950,"comment_status":"","ping_status":"","sticky":false,"template":"","format":"standard","meta":{"footnotes":""},"categories":[48],"tags":[2614,392,2615,2616,159],"class_list":{"0":"post-2949","1":"post","2":"type-post","3":"status-publish","4":"format-standard","5":"has-post-thumbnail","7":"category-senegal","8":"tag-communaute-urbaine-dalencon","9":"tag-environnement","10":"tag-foret-decouves","11":"tag-planete","12":"tag-senegal"},"share_on_mastodon":{"url":"","error":""},"_links":{"self":[{"href":"https:\/\/www.europesays.com\/africa\/wp-json\/wp\/v2\/posts\/2949","targetHints":{"allow":["GET"]}}],"collection":[{"href":"https:\/\/www.europesays.com\/africa\/wp-json\/wp\/v2\/posts"}],"about":[{"href":"https:\/\/www.europesays.com\/africa\/wp-json\/wp\/v2\/types\/post"}],"author":[{"embeddable":true,"href":"https:\/\/www.europesays.com\/africa\/wp-json\/wp\/v2\/users\/2"}],"replies":[{"embeddable":true,"href":"https:\/\/www.europesays.com\/africa\/wp-json\/wp\/v2\/comments?post=2949"}],"version-history":[{"count":0,"href":"https:\/\/www.europesays.com\/africa\/wp-json\/wp\/v2\/posts\/2949\/revisions"}],"wp:featuredmedia":[{"embeddable":true,"href":"https:\/\/www.europesays.com\/africa\/wp-json\/wp\/v2\/media\/2950"}],"wp:attachment":[{"href":"https:\/\/www.europesays.com\/africa\/wp-json\/wp\/v2\/media?parent=2949"}],"wp:term":[{"taxonomy":"category","embeddable":true,"href":"https:\/\/www.europesays.com\/africa\/wp-json\/wp\/v2\/categories?post=2949"},{"taxonomy":"post_tag","embeddable":true,"href":"https:\/\/www.europesays.com\/africa\/wp-json\/wp\/v2\/tags?post=2949"}],"curies":[{"name":"wp","href":"https:\/\/api.w.org\/{rel}","templated":true}]}}