{"id":2970,"date":"2026-01-04T15:06:31","date_gmt":"2026-01-04T15:06:31","guid":{"rendered":"https:\/\/www.europesays.com\/africa\/2970\/"},"modified":"2026-01-04T15:06:31","modified_gmt":"2026-01-04T15:06:31","slug":"apres-lassaut-americain-au-venezuela-les-reactions-se-multiplient-en-afrique","status":"publish","type":"post","link":"https:\/\/www.europesays.com\/africa\/2970\/","title":{"rendered":"Apr\u00e8s l&#8217;assaut am\u00e9ricain au Venezuela, les r\u00e9actions se multiplient en Afrique"},"content":{"rendered":"<p class=\"mb-4 text-lg md:leading-8 break-words\">Il y a d&#8217;abord la r\u00e9action de l&#8217;<a href=\"https:\/\/www.rfi.fr\/fr\/tag\/union-africaine\/\" rel=\"nofollow noopener\" target=\"_blank\" data-ylk=\"slk:Union africaine;elm:context_link;itc:0;sec:content-canvas\" class=\"link \">Union africaine<\/a> (UA). L&#8217;organisation a bien pes\u00e9 ses mots. Pas de condamnation directe de <a href=\"https:\/\/fr.news.yahoo.com\/dessous-d-absolute-resolve-l-015545148.html\" data-ylk=\"slk:l&#039;action militaire;elm:context_link;itc:0;sec:content-canvas;outcm:mb_qualified_link;_E:mb_qualified_link;ct:story;\" class=\"link  yahoo-link\" rel=\"nofollow noopener\" target=\"_blank\">l&#8217;action militaire<\/a> des <a href=\"https:\/\/www.rfi.fr\/fr\/tag\/\u00e9tats-unis\/\" rel=\"nofollow noopener\" target=\"_blank\" data-ylk=\"slk:\u00c9tats-Unis;elm:context_link;itc:0;sec:content-canvas\" class=\"link \">\u00c9tats-Unis<\/a> au Venezuela, mais un rappel clair des principes. L&#8217;Union africaine r\u00e9affirme son attachement au droit international, au respect de la souverainet\u00e9 des \u00c9tats, de leur int\u00e9grit\u00e9 territoriale et du droit des peuples \u00e0 disposer d&#8217;eux-m\u00eames. Elle insiste aussi sur l&#8217;importance du dialogue, du r\u00e8glement pacifique des diff\u00e9rends et appelle l&#8217;ensemble des parties \u00e0 la retenue.<\/p>\n<p>Fermet\u00e9 sud-africaine<\/p>\n<p class=\"mb-4 text-lg md:leading-8 break-words\">Au niveau des \u00c9tats africains, l&#8217;<a href=\"https:\/\/www.rfi.fr\/fr\/tag\/afrique-du-sud\/\" rel=\"nofollow noopener\" target=\"_blank\" data-ylk=\"slk:Afrique du Sud;elm:context_link;itc:0;sec:content-canvas\" class=\"link \">Afrique du Sud<\/a> est beaucoup plus ferme. Pretoria parle d&#8217;une violation manifeste de la <a href=\"https:\/\/www.un.org\/fr\/about-us\/un-charter\/full-text\" rel=\"nofollow noopener\" target=\"_blank\" data-ylk=\"slk:Charte;elm:context_link;itc:0;sec:content-canvas\" class=\"link \">Charte<\/a> de l&#8217;<a href=\"https:\/\/www.rfi.fr\/fr\/tag\/onu\/\" rel=\"nofollow noopener\" target=\"_blank\" data-ylk=\"slk:ONU;elm:context_link;itc:0;sec:content-canvas\" class=\"link \">ONU<\/a>. Elle rappelle que le droit international n&#8217;autorise pas d&#8217;intervention militaire ext\u00e9rieure dans les affaires internes d&#8217;un \u00c9tat souverain. L&#8217;Afrique du Sud appelle le Conseil de s\u00e9curit\u00e9 \u00e0 se r\u00e9unir d&#8217;urgence au c\u00f4t\u00e9 de Caracas.<\/p>\n<p class=\"mb-4 text-lg md:leading-8 break-words\">De son c\u00f4t\u00e9, le chef de la diplomatie v\u00e9n\u00e9zu\u00e9lienne, Ivan Gilles, affirme avoir multipli\u00e9 les \u00e9changes avec les dirigeants africains. Il \u00e9voque des messages de solidarit\u00e9 venus notamment de la Namibie, du Burkina Faso et du Liberia, dont la ministre des Affaires \u00e9trang\u00e8res assure que son pays, membre non permanent du Conseil de s\u00e9curit\u00e9, demandera des mesures et une condamnation des attaques du 3 janvier.<\/p>\n<p>Rejet des ing\u00e9rences \u00e9trang\u00e8res<\/p>\n<p class=\"mb-4 text-lg md:leading-8 break-words\"><a href=\"https:\/\/fr.news.yahoo.com\/venezuela-%C3%A0-caracas-sid%C3%A9ration-apr%C3%A8s-205842168.html\" data-ylk=\"slk:Caracas;elm:context_link;itc:0;sec:content-canvas;outcm:mb_qualified_link;_E:mb_qualified_link;ct:story;\" class=\"link  yahoo-link\" rel=\"nofollow noopener\" target=\"_blank\">Caracas<\/a> dit \u00e9galement avoir \u00e9chang\u00e9 avec les chefs de la diplomatie du Tchad, de l&#8217;Angola, du Niger et de la Gambie. Tous, selon le <a href=\"https:\/\/www.rfi.fr\/fr\/tag\/venezuela\/\" rel=\"nofollow noopener\" target=\"_blank\" data-ylk=\"slk:Venezuela;elm:context_link;itc:0;sec:content-canvas\" class=\"link \">Venezuela<\/a>, attach\u00e9s au respect de la Charte des Nations unies et au rejet de toute ing\u00e9rence \u00e9trang\u00e8re.<\/p>\n<p class=\"mb-4 text-lg md:leading-8 break-words\">\u00c0 lire aussi<a href=\"https:\/\/fr.news.yahoo.com\/op%C3%A9ration-am%C3%A9ricaine-au-venezuela-am%C3%A9rique-201448275.html\" class=\"link  yahoo-link\" data-ylk=\"slk:Op\u00e9ration am\u00e9ricaine au Venezuela: en Am\u00e9rique latine, la gauche condamne, la droite se r\u00e9jouit;elm:context_link;itc:0;sec:content-canvas;outcm:mb_qualified_link;_E:mb_qualified_link;ct:story;\" rel=\"nofollow noopener\" target=\"_blank\">Op\u00e9ration am\u00e9ricaine au Venezuela: en Am\u00e9rique latine, la gauche condamne, la droite se r\u00e9jouit<\/a><\/p>\n","protected":false},"excerpt":{"rendered":"Il y a d&#8217;abord la r\u00e9action de l&#8217;Union africaine (UA). L&#8217;organisation a bien pes\u00e9 ses mots. Pas de&hellip;\n","protected":false},"author":2,"featured_media":2971,"comment_status":"","ping_status":"","sticky":false,"template":"","format":"standard","meta":{"footnotes":""},"categories":[62],"tags":[64,2644,2641,2642,2643,742],"class_list":{"0":"post-2970","1":"post","2":"type-post","3":"status-publish","4":"format-standard","5":"has-post-thumbnail","7":"category-afrique","8":"tag-afrique","9":"tag-charte-des-nations-unies","10":"tag-conseil-de-securite","11":"tag-droit-des-peuples","12":"tag-ministre-des-affaires-etrangeres","13":"tag-venezuela"},"share_on_mastodon":{"url":"","error":""},"_links":{"self":[{"href":"https:\/\/www.europesays.com\/africa\/wp-json\/wp\/v2\/posts\/2970","targetHints":{"allow":["GET"]}}],"collection":[{"href":"https:\/\/www.europesays.com\/africa\/wp-json\/wp\/v2\/posts"}],"about":[{"href":"https:\/\/www.europesays.com\/africa\/wp-json\/wp\/v2\/types\/post"}],"author":[{"embeddable":true,"href":"https:\/\/www.europesays.com\/africa\/wp-json\/wp\/v2\/users\/2"}],"replies":[{"embeddable":true,"href":"https:\/\/www.europesays.com\/africa\/wp-json\/wp\/v2\/comments?post=2970"}],"version-history":[{"count":0,"href":"https:\/\/www.europesays.com\/africa\/wp-json\/wp\/v2\/posts\/2970\/revisions"}],"wp:featuredmedia":[{"embeddable":true,"href":"https:\/\/www.europesays.com\/africa\/wp-json\/wp\/v2\/media\/2971"}],"wp:attachment":[{"href":"https:\/\/www.europesays.com\/africa\/wp-json\/wp\/v2\/media?parent=2970"}],"wp:term":[{"taxonomy":"category","embeddable":true,"href":"https:\/\/www.europesays.com\/africa\/wp-json\/wp\/v2\/categories?post=2970"},{"taxonomy":"post_tag","embeddable":true,"href":"https:\/\/www.europesays.com\/africa\/wp-json\/wp\/v2\/tags?post=2970"}],"curies":[{"name":"wp","href":"https:\/\/api.w.org\/{rel}","templated":true}]}}