{"id":2974,"date":"2026-01-04T15:09:18","date_gmt":"2026-01-04T15:09:18","guid":{"rendered":"https:\/\/www.europesays.com\/africa\/2974\/"},"modified":"2026-01-04T15:09:18","modified_gmt":"2026-01-04T15:09:18","slug":"le-parcours-continue-pour-niakhate-ol-et-le-senegal-2","status":"publish","type":"post","link":"https:\/\/www.europesays.com\/africa\/2974\/","title":{"rendered":"le parcours continue pour Niakhat\u00e9 (OL) et le S\u00e9n\u00e9gal"},"content":{"rendered":"<p itemprop=\"description\">Moussa Niakhat\u00e9 restera encore quelques jours de plus loin de D\u00e9cines.<\/p>\n<p>Engag\u00e9 avec le S\u00e9n\u00e9gal \u00e0 la Coupe d\u2019Afrique des Nations, le d\u00e9fenseur de l\u2019Olympique lyonnais s\u2019est qualifi\u00e9 ce samedi pour les quarts de finale apr\u00e8s la victoire des Lions de la Teranga contre le Soudan (3-1), en huiti\u00e8mes de finale.<\/p>\n<p>Dans un match loin d\u2019\u00eatre ma\u00eetris\u00e9 d\u2019entr\u00e9e, les S\u00e9n\u00e9galais ont pourtant \u00e9t\u00e9 surpris tr\u00e8s t\u00f4t. Le Soudan a ouvert le score d\u00e8s la 6e minute, avant de se procurer une nouvelle occasion franche, repouss\u00e9e par \u00c9douard Mendy \u00e0 la 25e. Une entame compliqu\u00e9e qui a oblig\u00e9 les favoris \u00e0 r\u00e9agir.<\/p>\n<p>La r\u00e9ponse est venue avant la pause. Pape Gueye a renvers\u00e9 la rencontre en inscrivant un doubl\u00e9 (30e ; 45e+2), permettant au S\u00e9n\u00e9gal de rentrer aux vestiaires avec l\u2019avantage. En seconde p\u00e9riode, les co\u00e9quipiers de Moussa Niakhat\u00e9 ont s\u00e9curis\u00e9 leur qualification gr\u00e2ce \u00e0 un troisi\u00e8me but sign\u00e9 Ibrahim Mbaye (78e).<\/p>\n<p>Align\u00e9 durant l\u2019int\u00e9gralit\u00e9 de la rencontre, le d\u00e9fenseur lyonnais encha\u00eene donc une nouvelle apparition sous le maillot s\u00e9n\u00e9galais. Le S\u00e9n\u00e9gal affrontera le Mali en quarts de finale, avec un rendez-vous fix\u00e9 au vendredi 9 janvier \u00e0 17 heures.<\/p>\n<p>Pour l\u2019OL, cette qualification signifie une absence prolong\u00e9e de Moussa Niakhat\u00e9, toujours mobilis\u00e9 avec sa s\u00e9lection dans une CAN qui continue de lui sourire. &#8220;C&#8217;est une soir\u00e9e parfaite, mes deux \u00e9quipes ont gagn\u00e9 3-1 donc je suis tr\u00e8s content&#8221; \u00e0 r\u00e9agi le d\u00e9fenseur de l&#8217;OL en zone mixte apr\u00e8s la rencontre.<\/p>\n","protected":false},"excerpt":{"rendered":"Moussa Niakhat\u00e9 restera encore quelques jours de plus loin de D\u00e9cines. Engag\u00e9 avec le S\u00e9n\u00e9gal \u00e0 la Coupe&hellip;\n","protected":false},"author":2,"featured_media":2383,"comment_status":"","ping_status":"","sticky":false,"template":"","format":"standard","meta":{"footnotes":""},"categories":[48],"tags":[2272,554,645,2277,2276,252,2273,2275,2274,2271,1385,159,310],"class_list":{"0":"post-2974","1":"post","2":"type-post","3":"status-publish","4":"format-standard","5":"has-post-thumbnail","7":"category-senegal","8":"tag-actu","9":"tag-actualites","10":"tag-article","11":"tag-breves","12":"tag-depeches","13":"tag-foot","14":"tag-info","15":"tag-informations","16":"tag-infos","17":"tag-lyonfoot","18":"tag-ol","19":"tag-senegal","20":"tag-sport"},"share_on_mastodon":{"url":"","error":""},"_links":{"self":[{"href":"https:\/\/www.europesays.com\/africa\/wp-json\/wp\/v2\/posts\/2974","targetHints":{"allow":["GET"]}}],"collection":[{"href":"https:\/\/www.europesays.com\/africa\/wp-json\/wp\/v2\/posts"}],"about":[{"href":"https:\/\/www.europesays.com\/africa\/wp-json\/wp\/v2\/types\/post"}],"author":[{"embeddable":true,"href":"https:\/\/www.europesays.com\/africa\/wp-json\/wp\/v2\/users\/2"}],"replies":[{"embeddable":true,"href":"https:\/\/www.europesays.com\/africa\/wp-json\/wp\/v2\/comments?post=2974"}],"version-history":[{"count":0,"href":"https:\/\/www.europesays.com\/africa\/wp-json\/wp\/v2\/posts\/2974\/revisions"}],"wp:featuredmedia":[{"embeddable":true,"href":"https:\/\/www.europesays.com\/africa\/wp-json\/wp\/v2\/media\/2383"}],"wp:attachment":[{"href":"https:\/\/www.europesays.com\/africa\/wp-json\/wp\/v2\/media?parent=2974"}],"wp:term":[{"taxonomy":"category","embeddable":true,"href":"https:\/\/www.europesays.com\/africa\/wp-json\/wp\/v2\/categories?post=2974"},{"taxonomy":"post_tag","embeddable":true,"href":"https:\/\/www.europesays.com\/africa\/wp-json\/wp\/v2\/tags?post=2974"}],"curies":[{"name":"wp","href":"https:\/\/api.w.org\/{rel}","templated":true}]}}