{"id":3002,"date":"2026-01-04T15:24:14","date_gmt":"2026-01-04T15:24:14","guid":{"rendered":"https:\/\/www.europesays.com\/africa\/3002\/"},"modified":"2026-01-04T15:24:14","modified_gmt":"2026-01-04T15:24:14","slug":"tanzanie-les-compositions-officielles-hakimi-titulaire","status":"publish","type":"post","link":"https:\/\/www.europesays.com\/africa\/3002\/","title":{"rendered":"Tanzanie : les compositions officielles, Hakimi titulaire !"},"content":{"rendered":"<p>C&#8217;est tout un peuple qui retient son souffle. Apr\u00e8s une phase de poules o\u00f9 les Marocains ont mis du temps \u00e0 convaincre, les hommes de Walid Regragui ont tout de m\u00eame obtenu la premi\u00e8re place de leur poule pour s&#8217;assurer le tableau le plus abordable en huiti\u00e8mes de finale, \u00e0 Rabat et avec un adversaire \u00e0 sa port\u00e9e : la Tanzanie.<\/p>\n<p>Pourtant, ce huiti\u00e8me de finale rev\u00eat \u00e9videmment une importance capitale. Celle d&#8217;un match couperet o\u00f9 tout rat\u00e9 pourrait se traduire en \u00e9limination, qui serait un v\u00e9ritable drame national. Le Maroc va-t-il r\u00e9pondre pr\u00e9sent au rendez-vous ?<\/p>\n<p>Les compositions officielles<\/p>\n<p>Maroc : Bounou; Mazraoui, Aguerd, Masina, Hakimi; El Aynaoui, El Khannouss; Brahim D\u00edaz, Saibari, Ez Abde; El Kaabi<\/p>\n<p>Tanzanie : Masalanga; Job, Mohamed, Hamad, Nondo; Msanga, Miroshi; Selemani, Feisal, Mnoga; Msuva<\/p>\n<p>   Partagez cette info avec vos amis et vos proches en cliquant ici<br \/> Pour r\u00e9sumer<\/p>\n<p>Le Maroc aborde un huiti\u00e8me de finale crucial apr\u00e8s une phase de poules mitig\u00e9e mais conclue en t\u00eate. \u00c0 Rabat, face \u00e0 une Tanzanie jug\u00e9e abordable, les Lions de l\u2019Atlas jouent bien plus qu\u2019un match : \u00e9viter une \u00e9limination qui serait v\u00e9cue comme un choc national.<\/p>\n<p>R\u00e9dacteur<\/p>\n<p><img decoding=\"async\" width=\"76\" height=\"76\" loading=\"lazy\" src=\"https:\/\/www.europesays.com\/africa\/wp-content\/uploads\/2026\/01\/logo-julien-pedebos.jpg\" alt=\"Julien P\u00e9debos\"\/><\/p>\n","protected":false},"excerpt":{"rendered":"C&#8217;est tout un peuple qui retient son souffle. Apr\u00e8s une phase de poules o\u00f9 les Marocains ont mis&hellip;\n","protected":false},"author":2,"featured_media":3003,"comment_status":"","ping_status":"","sticky":false,"template":"","format":"standard","meta":{"footnotes":""},"categories":[41],"tags":[360,158],"class_list":{"0":"post-3002","1":"post","2":"type-post","3":"status-publish","4":"format-standard","5":"has-post-thumbnail","7":"category-maroc","8":"tag-can","9":"tag-maroc"},"share_on_mastodon":{"url":"","error":""},"_links":{"self":[{"href":"https:\/\/www.europesays.com\/africa\/wp-json\/wp\/v2\/posts\/3002","targetHints":{"allow":["GET"]}}],"collection":[{"href":"https:\/\/www.europesays.com\/africa\/wp-json\/wp\/v2\/posts"}],"about":[{"href":"https:\/\/www.europesays.com\/africa\/wp-json\/wp\/v2\/types\/post"}],"author":[{"embeddable":true,"href":"https:\/\/www.europesays.com\/africa\/wp-json\/wp\/v2\/users\/2"}],"replies":[{"embeddable":true,"href":"https:\/\/www.europesays.com\/africa\/wp-json\/wp\/v2\/comments?post=3002"}],"version-history":[{"count":0,"href":"https:\/\/www.europesays.com\/africa\/wp-json\/wp\/v2\/posts\/3002\/revisions"}],"wp:featuredmedia":[{"embeddable":true,"href":"https:\/\/www.europesays.com\/africa\/wp-json\/wp\/v2\/media\/3003"}],"wp:attachment":[{"href":"https:\/\/www.europesays.com\/africa\/wp-json\/wp\/v2\/media?parent=3002"}],"wp:term":[{"taxonomy":"category","embeddable":true,"href":"https:\/\/www.europesays.com\/africa\/wp-json\/wp\/v2\/categories?post=3002"},{"taxonomy":"post_tag","embeddable":true,"href":"https:\/\/www.europesays.com\/africa\/wp-json\/wp\/v2\/tags?post=3002"}],"curies":[{"name":"wp","href":"https:\/\/api.w.org\/{rel}","templated":true}]}}