{"id":3047,"date":"2026-01-04T15:51:26","date_gmt":"2026-01-04T15:51:26","guid":{"rendered":"https:\/\/www.europesays.com\/africa\/3047\/"},"modified":"2026-01-04T15:51:26","modified_gmt":"2026-01-04T15:51:26","slug":"centrafrique-inquietude-a-zemio-depuis-les-affrontements-entre-larmee-et-la-milice-aakg-journal-de-lafrique","status":"publish","type":"post","link":"https:\/\/www.europesays.com\/africa\/3047\/","title":{"rendered":"Centrafrique : inqui\u00e9tude \u00e0 Zemio depuis les affrontements entre l&#8217;arm\u00e9e et la milice AAKG &#8211; Journal de l&#8217;Afrique"},"content":{"rendered":"<p>A retrouver dans l\u2019\u00e9mission<\/p>\n<p>    <img decoding=\"async\" fetchpriority=\"low\" src=\"https:\/\/s.france24.com\/media\/display\/97ddb71c-0e81-11ee-800e-005056bfb2b6\/FR-le-journal-de-l-afrique.svg\"  alt=\"Journal de l'Afrique\" loading=\"lazy\" class=\"a-img  a-img--svg\"\/><\/p>\n<p>\n                                                En Centrafrique, alors que la R\u00e9publique Centrafricaine attend les r\u00e9sultats provisoires des \u00e9lections g\u00e9n\u00e9rales du 28 d\u00e9cembre dernier, des violences arm\u00e9es ont \u00e9clat\u00e9 ce vendredi \u00e0 Z\u00e9mio, une ville situ\u00e9e dans le sud-est du pays, poussant des milliers de personnes \u00e0 trouver refuge du c\u00f4t\u00e9 de la RD Congo et du Soudan du Sud.                    <\/p>\n<p>Le S\u00e9n\u00e9gal est la premi\u00e8re \u00e9quipe \u00e0 se qualifier pour les quarts de finale de la Coupe d&#8217;Afrique des nations. Les lions de la Teranga ont battu cet apr\u00e8s-midi le Soudan sur la marque de 3 buts a 1. Notre correspondant a suivi le match dans une fan zone \u00e0 Dakar avec les supporters s\u00e9n\u00e9galais heureux apr\u00e8s cette qualification.<\/p>\n<p>Au S\u00e9n\u00e9gal, un g\u00e9n\u00e9rique de l\u2019hydroxyur\u00e9e est d\u00e9sormais produit localement pour soigner la dr\u00e9panocytose. Ce m\u00e9dicament, nomm\u00e9 Drepaf produit par Teranga Pharma, pourrait diviser par trois la mortalit\u00e9. Mouhamadou Sow, \u00e0 la t\u00eate de Teranga Pharma \u00e9tait l\u2019invit\u00e9 du JTA pour insister sur une logique souverainiste de sant\u00e9.<\/p>\n","protected":false},"excerpt":{"rendered":"A retrouver dans l\u2019\u00e9mission En Centrafrique, alors que la R\u00e9publique Centrafricaine attend les r\u00e9sultats provisoires des \u00e9lections g\u00e9n\u00e9rales&hellip;\n","protected":false},"author":2,"featured_media":1769,"comment_status":"","ping_status":"","sticky":false,"template":"","format":"standard","meta":{"footnotes":""},"categories":[62],"tags":[64,2682,2683,2681,159,1005],"class_list":{"0":"post-3047","1":"post","2":"type-post","3":"status-publish","4":"format-standard","5":"has-post-thumbnail","7":"category-afrique","8":"tag-afrique","9":"tag-centrafrique","10":"tag-industrie-pharmaceutique","11":"tag-journal-de-lafrique","12":"tag-senegal","13":"tag-soudan"},"share_on_mastodon":{"url":"","error":""},"_links":{"self":[{"href":"https:\/\/www.europesays.com\/africa\/wp-json\/wp\/v2\/posts\/3047","targetHints":{"allow":["GET"]}}],"collection":[{"href":"https:\/\/www.europesays.com\/africa\/wp-json\/wp\/v2\/posts"}],"about":[{"href":"https:\/\/www.europesays.com\/africa\/wp-json\/wp\/v2\/types\/post"}],"author":[{"embeddable":true,"href":"https:\/\/www.europesays.com\/africa\/wp-json\/wp\/v2\/users\/2"}],"replies":[{"embeddable":true,"href":"https:\/\/www.europesays.com\/africa\/wp-json\/wp\/v2\/comments?post=3047"}],"version-history":[{"count":0,"href":"https:\/\/www.europesays.com\/africa\/wp-json\/wp\/v2\/posts\/3047\/revisions"}],"wp:featuredmedia":[{"embeddable":true,"href":"https:\/\/www.europesays.com\/africa\/wp-json\/wp\/v2\/media\/1769"}],"wp:attachment":[{"href":"https:\/\/www.europesays.com\/africa\/wp-json\/wp\/v2\/media?parent=3047"}],"wp:term":[{"taxonomy":"category","embeddable":true,"href":"https:\/\/www.europesays.com\/africa\/wp-json\/wp\/v2\/categories?post=3047"},{"taxonomy":"post_tag","embeddable":true,"href":"https:\/\/www.europesays.com\/africa\/wp-json\/wp\/v2\/tags?post=3047"}],"curies":[{"name":"wp","href":"https:\/\/api.w.org\/{rel}","templated":true}]}}