{"id":3051,"date":"2026-01-04T15:54:30","date_gmt":"2026-01-04T15:54:30","guid":{"rendered":"https:\/\/www.europesays.com\/africa\/3051\/"},"modified":"2026-01-04T15:54:30","modified_gmt":"2026-01-04T15:54:30","slug":"mirepoix-mima-ouvre-lannee-2026-sous-le-signe-de-la-creation","status":"publish","type":"post","link":"https:\/\/www.europesays.com\/africa\/3051\/","title":{"rendered":"Mirepoix. MIMA ouvre l\u2019ann\u00e9e 2026 sous le signe de la cr\u00e9ation"},"content":{"rendered":"<p>\n                                                                    l&#8217;essentiel<br \/>\n                                                                Le 22 janvier \u00e0 Mirepoix, l\u2019association MIMA convie le public \u00e0 un &#8220;RDV de la Cr\u00e9ation&#8221; m\u00ealant pr\u00e9sentation d\u2019une \u0153uvre en cours, \u00e9changes avec les artistes et d\u00e9voilement des temps forts de la saison 2026.\n                            <\/p>\n<p>L\u2019association MIMA, ax\u00e9e sur la marionnette actuelle, ouvre l\u2019ann\u00e9e 2026 en r\u00e9affirmant son engagement en faveur de la cr\u00e9ation artistique, avec un nouveau rendez-vous d\u00e9di\u00e9 au public et aux artistes, le 22 janvier \u00e0 Mirepoix.<\/p>\n<p>\u00c0 l\u2019occasion de ses traditionnels &#8220;RDV de la Cr\u00e9ation&#8221;, MIMA propose une rencontre en entr\u00e9e libre permettant de d\u00e9couvrir les coulisses de la cr\u00e9ation d\u2019un spectacle et d\u2019\u00e9changer directement avec les artistes en r\u00e9sidence. Ces temps forts, qui rythment la saison, offrent au public l\u2019opportunit\u00e9 de suivre l\u2019\u00e9volution d\u2019un projet artistique tout en contribuant, par leurs retours, au processus de cr\u00e9ation.<\/p>\n<p>Le premier rendez-vous de l\u2019ann\u00e9e 2026 sera consacr\u00e9 \u00e0 la compagnie Diffractions, en r\u00e9sidence de cr\u00e9ation pour le spectacle &#8220;RDV \u00e0 l\u2019Aube&#8221;, du 13 au 23 janvier \u00e0 la salle Paul Dardier, \u00e0 Mirepoix. Une \u00e9tape de travail sera pr\u00e9sent\u00e9e au public le jeudi 22 janvier, en amont de la pr\u00e9sentation du spectacle dans sa version finale lors du Festival MIMA 2026.<\/p>\n<p>D\u00e9j\u00e0 d\u00e9voil\u00e9e sous forme courte lors de l\u2019\u00e9dition estivale du festival, &#8220;RDV \u00e0 l\u2019Aube&#8221; explore &#8220;la fronti\u00e8re entre r\u00e9el et fantastique, entre banlieue et campagne, o\u00f9 la banalit\u00e9 se fissure peu \u00e0 peu&#8221;, \u00e0 travers le r\u00e9cit intime de Teuz. Le spectacle interroge la construction de soi, la rencontre avec l\u2019autre et la libert\u00e9 d\u2019\u00eatre, en questionnant les normes sociales et les r\u00f4les assign\u00e9s, \u00e0 mesure que l\u2019\u00e9tranget\u00e9 &#8220;s\u2019immisce dans les failles de la r\u00e9alit\u00e9, pr\u00eate \u00e0 la faire exploser&#8221;.<\/p>\n<p>Des indices sur les temps forts de 2026<\/p>\n<p>Le soutien \u00e0 la cr\u00e9ation constitue un axe central du projet artistique du MIMA, qui accompagne les artistes par des accueils en r\u00e9sidence, des apports en coproduction, une mise en visibilit\u00e9 dans les r\u00e9seaux professionnels et une programmation au sein du festival.<\/p>\n<p>Ce rendez-vous de janvier sera \u00e9galement l\u2019occasion pour l\u2019\u00e9quipe du MIMA de pr\u00e9senter les temps forts \u00e0 venir de la saison et de livrer quelques indices sur la 38e \u00e9dition du festival, tout en partageant un moment convivial autour des v\u0153ux pour la nouvelle ann\u00e9e.<\/p>\n<p>Le &#8220;RDV de la Cr\u00e9ation et V\u0153ux MIMA&#8221; se tiendra le jeudi 22 janvier \u00e0 18 h 30, \u00e0 la salle Paul Dardier, \u00e0 Mirepoix. Les r\u00e9servations sont ouvertes par courriel \u00e0 l\u2019adresse <a href=\"https:\/\/www.ladepeche.fr\/2026\/01\/03\/mailto:contact@mima-marionnette.com\" rel=\"nofollow noopener\" target=\"_blank\">contact@mima-marionnette.com<\/a><\/p>\n","protected":false},"excerpt":{"rendered":"l&#8217;essentiel Le 22 janvier \u00e0 Mirepoix, l\u2019association MIMA convie le public \u00e0 un &#8220;RDV de la Cr\u00e9ation&#8221; m\u00ealant&hellip;\n","protected":false},"author":2,"featured_media":3052,"comment_status":"","ping_status":"","sticky":false,"template":"","format":"standard","meta":{"footnotes":""},"categories":[48],"tags":[2684,2688,2686,2685,159,2687],"class_list":{"0":"post-3051","1":"post","2":"type-post","3":"status-publish","4":"format-standard","5":"has-post-thumbnail","7":"category-senegal","8":"tag-ariege","9":"tag-associations","10":"tag-france-monde","11":"tag-mirepoix","12":"tag-senegal","13":"tag-sociu00e9tu00e9"},"share_on_mastodon":{"url":"","error":""},"_links":{"self":[{"href":"https:\/\/www.europesays.com\/africa\/wp-json\/wp\/v2\/posts\/3051","targetHints":{"allow":["GET"]}}],"collection":[{"href":"https:\/\/www.europesays.com\/africa\/wp-json\/wp\/v2\/posts"}],"about":[{"href":"https:\/\/www.europesays.com\/africa\/wp-json\/wp\/v2\/types\/post"}],"author":[{"embeddable":true,"href":"https:\/\/www.europesays.com\/africa\/wp-json\/wp\/v2\/users\/2"}],"replies":[{"embeddable":true,"href":"https:\/\/www.europesays.com\/africa\/wp-json\/wp\/v2\/comments?post=3051"}],"version-history":[{"count":0,"href":"https:\/\/www.europesays.com\/africa\/wp-json\/wp\/v2\/posts\/3051\/revisions"}],"wp:featuredmedia":[{"embeddable":true,"href":"https:\/\/www.europesays.com\/africa\/wp-json\/wp\/v2\/media\/3052"}],"wp:attachment":[{"href":"https:\/\/www.europesays.com\/africa\/wp-json\/wp\/v2\/media?parent=3051"}],"wp:term":[{"taxonomy":"category","embeddable":true,"href":"https:\/\/www.europesays.com\/africa\/wp-json\/wp\/v2\/categories?post=3051"},{"taxonomy":"post_tag","embeddable":true,"href":"https:\/\/www.europesays.com\/africa\/wp-json\/wp\/v2\/tags?post=3051"}],"curies":[{"name":"wp","href":"https:\/\/api.w.org\/{rel}","templated":true}]}}