{"id":3077,"date":"2026-01-04T16:08:26","date_gmt":"2026-01-04T16:08:26","guid":{"rendered":"https:\/\/www.europesays.com\/africa\/3077\/"},"modified":"2026-01-04T16:08:26","modified_gmt":"2026-01-04T16:08:26","slug":"can-2025-le-senegal-tient-son-rang-le-mali-cree-lexploit-contre-la-tunisie-le-journal-de-la-can","status":"publish","type":"post","link":"https:\/\/www.europesays.com\/africa\/3077\/","title":{"rendered":"CAN 2025 : le S\u00e9n\u00e9gal tient son rang, le Mali cr\u00e9e l&#8217;exploit contre la Tunisie &#8211; Le journal de la CAN"},"content":{"rendered":"<p>A retrouver dans l\u2019\u00e9mission<\/p>\n<p>    <img decoding=\"async\" fetchpriority=\"low\" src=\"https:\/\/s.france24.com\/media\/display\/86edaaf0-b392-11ee-88d3-005056a90284\/FR-JT-CAN.svg\"  alt=\"Le journal de la CAN\" loading=\"lazy\" class=\"a-img  a-img--svg\"\/><\/p>\n<p>\n                                                Les Lions de la Teranga n&#8217;auront pas dout\u00e9 longtemps. Surpris d&#8217;entr\u00e9e par le Soudan, les champions d&#8217;Afrique 2021 ont r\u00e9ussi \u00e0 remonter rapidement gr\u00e2ce \u00e0 un doubl\u00e9 de Pape Gueye en premi\u00e8re p\u00e9riode.                    <\/p>\n<p>Pas flamboyants, les S\u00e9n\u00e9galais ont r\u00e9ussi ensuite \u00e0 se mettre \u00e0 l&#8217;abri par l&#8217;interm\u00e9diaire du jeune Ibrahim Mbaye pour se qualifier en quart de finale (3-1).<\/p>\n<p>Ils retrouveront les Aigles maliens qui ont r\u00e9ussi \u00e0 sortir le <a href=\"https:\/\/www.france24.com\/fr\/tag\/tunisie\/\" target=\"_self\" class=\"gtm-add-suggested-tag\" rel=\"nofollow noopener\">Tunisie<\/a> aux tirs aux buts apr\u00e8s avoir jou\u00e9 pendant plus d&#8217;une heure et demi \u00e0 10 contre 11.<\/p>\n<p class=\"a-read-more\">\u00c0 lire aussi<a href=\"https:\/\/www.france24.com\/fr\/sports\/20260103-can-2025-senegal-soudan-huitiemes-quarts?utm_slink=f24.my\/BeML\" target=\"_self\" class=\"a-read-more__link\" rel=\"nofollow noopener\">CAN 2025 : le S\u00e9n\u00e9gal passe en quarts malgr\u00e9 de valeureux Soudanais<\/a><\/p>\n<p>Au programme de la <a href=\"https:\/\/www.france24.com\/fr\/tag\/can-2025\/\" target=\"_self\" rel=\"nofollow noopener\">CAN<\/a> ce dimanche :\u00a0en premi\u00e8re partie, \u00e0 partir de 17 heures, les Lions de l&#8217;Atlas du <a href=\"https:\/\/www.france24.com\/fr\/tag\/maroc\/\" target=\"_self\" class=\"gtm-add-suggested-tag\" rel=\"nofollow noopener\">Maroc<\/a> affronteront la <a href=\"https:\/\/www.france24.com\/fr\/tag\/tanzanie\/\" target=\"_self\" class=\"gtm-add-suggested-tag\" rel=\"nofollow noopener\">Tanzanie<\/a>.<\/p>\n<p>En soir\u00e9e, d\u00e8s 20 heures, les Bafana Bafana d&#8217;<a href=\"https:\/\/www.france24.com\/fr\/tag\/afrique-du-sud\/\" target=\"_self\" class=\"gtm-add-suggested-tag\" rel=\"nofollow noopener\">Afrique du Sud<\/a> tenteront de prendre le dessus sur les Lions Indomptables du <a href=\"https:\/\/www.france24.com\/fr\/tag\/cameroun\/\" target=\"_self\" class=\"gtm-add-suggested-tag\" rel=\"nofollow noopener\">Cameroun<\/a> pour cl\u00f4turer cette journ\u00e9e prometteuse.<\/p>\n<p class=\"a-read-more\">\u00c0 lire aussi<a href=\"https:\/\/www.france24.com\/fr\/sports\/20260103-can-2025-tunisie-mali-resume-aigles\" target=\"_self\" class=\"a-read-more__link\" rel=\"nofollow noopener\">CAN 2025 : au courage, le Mali vient \u00e0 bout de la Tunisie aux tirs au but<\/a><\/p>\n<p>D\u00e9cryptage dans le journal de la CAN de ces premiers huiti\u00e8mes de finale avec Jules Boiteau et ses consultants France 24, Xavier Barret et Herv\u00e9 Kouamouo.\u00a0<\/p>\n<p class=\"o-em-consent__content__text\">Pour afficher ce contenu YouTube, il est n\u00e9cessaire d&#8217;autoriser les cookies de mesure d&#8217;audience et de publicit\u00e9.<\/p>\n<p>        Accepter<br \/>\n        G\u00e9rer mes choix<\/p>\n<p class=\"o-em-adblock__content__text\">Une extension de votre navigateur semble bloquer le chargement du lecteur vid\u00e9o. Pour pouvoir regarder ce contenu, vous devez la d\u00e9sactiver ou la d\u00e9sinstaller.<\/p>\n<p>            R\u00e9essayer<\/p>\n<p><img decoding=\"async\" fetchpriority=\"low\" src=\"https:\/\/www.europesays.com\/africa\/wp-content\/uploads\/2026\/01\/capture-9009500246959a9df2f0367-68287573.jpg\"   width=\"1280\" height=\"720\" alt=\"Le Journal de la CAN 03-01\" loading=\"lazy\" class=\"a-img \"\/><\/p>\n<p>                Le Journal de la CAN 03-01                \u00a9 France 24            <\/p>\n<p>(Pour des questions de droit les personnes se trouvant dans la zone subsaharienne peuvent visionner la vid\u00e9o contenant des images de matchs, se trouvant en bas de la page. Les personnes se trouvant hors zone subsaharienne peuvent visionner la vid\u00e9o en haut de cette page, qui ne contient pas d\u2019images de matchs.)<\/p>\n","protected":false},"excerpt":{"rendered":"A retrouver dans l\u2019\u00e9mission Les Lions de la Teranga n&#8217;auront pas dout\u00e9 longtemps. Surpris d&#8217;entr\u00e9e par le Soudan,&hellip;\n","protected":false},"author":2,"featured_media":3078,"comment_status":"","ping_status":"","sticky":false,"template":"","format":"standard","meta":{"footnotes":""},"categories":[48],"tags":[356,381,179,311,2701,965,158,159,1005,264,1114,1571],"class_list":{"0":"post-3077","1":"post","2":"type-post","3":"status-publish","4":"format-standard","5":"has-post-thumbnail","7":"category-senegal","8":"tag-afrique-du-sud","9":"tag-cameroun","10":"tag-can-2025","11":"tag-football","12":"tag-le-journal-de-la-can","13":"tag-mali","14":"tag-maroc","15":"tag-senegal","16":"tag-soudan","17":"tag-sports","18":"tag-tanzanie","19":"tag-tunisie"},"share_on_mastodon":{"url":"","error":""},"_links":{"self":[{"href":"https:\/\/www.europesays.com\/africa\/wp-json\/wp\/v2\/posts\/3077","targetHints":{"allow":["GET"]}}],"collection":[{"href":"https:\/\/www.europesays.com\/africa\/wp-json\/wp\/v2\/posts"}],"about":[{"href":"https:\/\/www.europesays.com\/africa\/wp-json\/wp\/v2\/types\/post"}],"author":[{"embeddable":true,"href":"https:\/\/www.europesays.com\/africa\/wp-json\/wp\/v2\/users\/2"}],"replies":[{"embeddable":true,"href":"https:\/\/www.europesays.com\/africa\/wp-json\/wp\/v2\/comments?post=3077"}],"version-history":[{"count":0,"href":"https:\/\/www.europesays.com\/africa\/wp-json\/wp\/v2\/posts\/3077\/revisions"}],"wp:featuredmedia":[{"embeddable":true,"href":"https:\/\/www.europesays.com\/africa\/wp-json\/wp\/v2\/media\/3078"}],"wp:attachment":[{"href":"https:\/\/www.europesays.com\/africa\/wp-json\/wp\/v2\/media?parent=3077"}],"wp:term":[{"taxonomy":"category","embeddable":true,"href":"https:\/\/www.europesays.com\/africa\/wp-json\/wp\/v2\/categories?post=3077"},{"taxonomy":"post_tag","embeddable":true,"href":"https:\/\/www.europesays.com\/africa\/wp-json\/wp\/v2\/tags?post=3077"}],"curies":[{"name":"wp","href":"https:\/\/api.w.org\/{rel}","templated":true}]}}