{"id":3079,"date":"2026-01-04T16:09:08","date_gmt":"2026-01-04T16:09:08","guid":{"rendered":"https:\/\/www.europesays.com\/africa\/3079\/"},"modified":"2026-01-04T16:09:08","modified_gmt":"2026-01-04T16:09:08","slug":"precipitations-au-maroc-sur-les-dernieres-24-heures-des-cumuls-atteignant-120-mm-lopinion-maroc","status":"publish","type":"post","link":"https:\/\/www.europesays.com\/africa\/3079\/","title":{"rendered":"Pr\u00e9cipitations au Maroc sur les derni\u00e8res 24 heures : des cumuls atteignant 120 mm &#8211; L&#039;Opinion Maroc"},"content":{"rendered":"<p><a href=\"https:\/\/news.google.com\/rss\/articles\/CBMitwFBVV95cUxPb3FISGlUblM0TkhOSkc1X01JNktFRkgyQ25BX0J0enRvRGs2alJPNGc5ZVFLUGd0eTZEem5oVW8zY1p1Rzk2TEhfbTZwbk5KMzA5SHlNbDNfMjdIeFR2STNwbDVCbzh1Mm4ySVlVU0J4aWNBeEc2QjA2VzJJSTBkQ3RmZlg3WmRjNXVwT1kydHdyMUxUakFCajkwaFFJR3pic3Jqc1p6blRZOHRQYU9ZMXBZbElTbTA?oc=5\" target=\"_blank\" rel=\"nofollow noopener\">Pr\u00e9cipitations au Maroc sur les derni\u00e8res 24 heures : des cumuls atteignant 120 mm<\/a>&nbsp;&nbsp;L&#8217;Opinion Maroc<a href=\"https:\/\/news.google.com\/rss\/articles\/CBMisAFBVV95cUxQZmxVTU9URUF0emRoYkxuamFESERrNUFSMENiUnRmT3pMYnFGUHlSeWR4REdRSmxMQmdwSjUwTTdRQzdRQ2pTbjFrc0wzUnJsYkt2SXRfRTRxNVp6cHFzUGcxUVZZbHJMN01yd0VHMzRVM3hpR05aT0dWeVVnS3VHYWFaZ3l3ekhRLXZmTWxDMzBlaWdqZ3NPRUFGZWRoWVctTEZIdC1kVFp1cklzd2hyUA?oc=5\" target=\"_blank\" rel=\"nofollow noopener\">Ce qu\u2019il faut savoir sur la temp\u00eate Francis qui va toucher le Maroc<\/a>&nbsp;&nbsp;Telquel.ma<a href=\"https:\/\/news.google.com\/rss\/articles\/CBMirAFBVV95cUxNTGU1eUlRRVNVUjd4bzhqY2M0SUJlVHB6QWY5aFc5WElCeUk4OFowOU81R2pxWDRreHV4N1BFQjlKRi1QQ1N2dW5sZk5aMTRyekpQUG9RREZsc1hQeFg3dUtUdDdtMUp6V3VsWGpvSHA2Z3A4Zkd3Qk9FRUJPR1hyUkJGSVVfU0QtMVhpckkzb2Y4Z2RoQmFwNVgzRy14ZzF0TVM0RFhveU1PS215?oc=5\" target=\"_blank\" rel=\"nofollow noopener\">M\u00e9t\u00e9o. L&#8217;alerte rouge se poursuit au Souss-Massa de samedi \u00e0 dimanche<\/a>&nbsp;&nbsp;Medias24<a href=\"https:\/\/news.google.com\/rss\/articles\/CBMiogFBVV95cUxOOVlLVEM0UW1aeXIzLW5od3BTTVNLdUI0aHlNYkF5SFVKTk1TY2d0aVdrSmVrN0JIcEFKRE1Sc3AzaVViVW1IUnBBUV9WNEM1bGIxUDZDNEowdVhSSk53UV9YLTdjMFZMaV8tQWpSbFFXeGQwLVVhZkFadnBPU1hNaFlXR0VUUUh1UG1xVHF0X0dnZVdmWk5aVVVuY05sVzhXY3c?oc=5\" target=\"_blank\" rel=\"nofollow noopener\">Eaux pluviales : La SRM Casablanca-Settat s\u2019active \u00e0 Berrechid<\/a>&nbsp;&nbsp;L&#8217;Economiste<a href=\"https:\/\/news.google.com\/rss\/articles\/CBMiqwFBVV95cUxOR2NFdXpPM25ueHFPcFYxSGVHR1hpMU1FVWZYYkJ1OXA1cDJjUFU4VjF0M1dIMERrMFpQVVlyWkJWWHdsTXRPXzdsenI0VjFRb1I3ZUQwYXBISmhqc2tpdXgzaXNyYTd5cEZhbUdYZmdRZXB1dF9jT3JWU3ZkWDJMR3FGeFd5ek9YRjBxaW9zV2ZIV1Q4SG1vNWRaR0t3N2N3MER2ZWt4dXJPZW_SAbABQVVfeXFMTl9VdUJHdmpNeGszSXlGNl9TZnU3VFFxam9Sd0lzdVlpSklDaHV5ODJPQ3hheHRxbzRqWVdRNDlDMUF0Q2tCZEphWmk4Nl9mVy1CVjB6clZob0JfS3JYUFlKUDNnYW5veFN6YkNURXBTZnF4RWtPcFlpd0tONm9ncjNCV0tYcU9iZzR2eVdXMkxvRGVIbnRJZE43WWNQQ3RsWlp2ZlRPb3piMVkwVkgtVzQ?oc=5\" target=\"_blank\" rel=\"nofollow noopener\">Fortes pluies, rafales de vent et chutes de neige de samedi \u00e0 lundi dans plusieurs r\u00e9gions du Maroc<\/a>&nbsp;&nbsp;Le Matin.ma<\/p>\n","protected":false},"excerpt":{"rendered":"Pr\u00e9cipitations au Maroc sur les derni\u00e8res 24 heures : des cumuls atteignant 120 mm&nbsp;&nbsp;L&#8217;Opinion MarocCe qu\u2019il faut savoir&hellip;\n","protected":false},"author":2,"featured_media":3080,"comment_status":"","ping_status":"","sticky":false,"template":"","format":"standard","meta":{"footnotes":""},"categories":[41],"tags":[554,553,555,556,563,565,560,567,561,557,162,566,564,558,559,158,562,248,239,310,568],"class_list":{"0":"post-3079","1":"post","2":"type-post","3":"status-publish","4":"format-standard","5":"has-post-thumbnail","7":"category-maroc","8":"tag-actualites","9":"tag-actualites-et-infos-au-maroc","10":"tag-actualites-et-infos-mondiale","11":"tag-actualites-marocaines-du-jour","12":"tag-alimentation","13":"tag-analyses","14":"tag-art-de-vivre","15":"tag-chronique","16":"tag-consommation-et-bien-etre","17":"tag-culture","18":"tag-economie","19":"tag-edito","20":"tag-etudes","21":"tag-insolite","22":"tag-loisirs","23":"tag-maroc","24":"tag-mode","25":"tag-politique","26":"tag-societe","27":"tag-sport","28":"tag-tribune"},"share_on_mastodon":{"url":"","error":""},"_links":{"self":[{"href":"https:\/\/www.europesays.com\/africa\/wp-json\/wp\/v2\/posts\/3079","targetHints":{"allow":["GET"]}}],"collection":[{"href":"https:\/\/www.europesays.com\/africa\/wp-json\/wp\/v2\/posts"}],"about":[{"href":"https:\/\/www.europesays.com\/africa\/wp-json\/wp\/v2\/types\/post"}],"author":[{"embeddable":true,"href":"https:\/\/www.europesays.com\/africa\/wp-json\/wp\/v2\/users\/2"}],"replies":[{"embeddable":true,"href":"https:\/\/www.europesays.com\/africa\/wp-json\/wp\/v2\/comments?post=3079"}],"version-history":[{"count":0,"href":"https:\/\/www.europesays.com\/africa\/wp-json\/wp\/v2\/posts\/3079\/revisions"}],"wp:featuredmedia":[{"embeddable":true,"href":"https:\/\/www.europesays.com\/africa\/wp-json\/wp\/v2\/media\/3080"}],"wp:attachment":[{"href":"https:\/\/www.europesays.com\/africa\/wp-json\/wp\/v2\/media?parent=3079"}],"wp:term":[{"taxonomy":"category","embeddable":true,"href":"https:\/\/www.europesays.com\/africa\/wp-json\/wp\/v2\/categories?post=3079"},{"taxonomy":"post_tag","embeddable":true,"href":"https:\/\/www.europesays.com\/africa\/wp-json\/wp\/v2\/tags?post=3079"}],"curies":[{"name":"wp","href":"https:\/\/api.w.org\/{rel}","templated":true}]}}