{"id":3102,"date":"2026-01-04T16:22:06","date_gmt":"2026-01-04T16:22:06","guid":{"rendered":"https:\/\/www.europesays.com\/africa\/3102\/"},"modified":"2026-01-04T16:22:06","modified_gmt":"2026-01-04T16:22:06","slug":"une-etudiante-senegalaise-decede-apres-le-match-senegal-soudan","status":"publish","type":"post","link":"https:\/\/www.europesays.com\/africa\/3102\/","title":{"rendered":"une \u00e9tudiante s\u00e9n\u00e9galaise d\u00e9c\u00e8de apr\u00e8s le match S\u00e9n\u00e9gal-Soudan"},"content":{"rendered":"<p style=\"text-align: justify;\">Un tragique accident de la circulation s\u2019est produit hier, sur la route de Tanger, au Maroc, \u00e0 l\u2019issue du match opposant le S\u00e9n\u00e9gal au Soudan dans le cadre de la CAN Maroc 2025. Le bilan fait \u00e9tat d\u2019un mort, une \u00e9tudiante s\u00e9n\u00e9galaise, et de deux bless\u00e9s, dont l\u2019un se trouve dans un \u00e9tat grave. <\/p>\n<p>\u00a0<\/p>\n<p style=\"text-align: justify;\">La victime faisait partie de la communaut\u00e9 estudiantine s\u00e9n\u00e9galaise \u00e9tablie au Royaume du Maroc. Les circonstances exactes de l\u2019accident n\u2019ont pas encore \u00e9t\u00e9 officiellement d\u00e9taill\u00e9es. <\/p>\n<p style=\"text-align: justify;\">R\u00e9agissant \u00e0 ce drame, la ministre de la Jeunesse et des Sports, Khady Gaye Di\u00e8ne, a exprim\u00e9 sa profonde \u00e9motion dans un message publi\u00e9 sur sa page Facebook. \u00ab C\u2019est avec une profonde tristesse et une vive \u00e9motion que j\u2019ai appris le d\u00e9c\u00e8s tragique d\u2019une jeune \u00e9tudiante s\u00e9n\u00e9galaise, survenu \u00e0 la suite d\u2019un accident de la route \u00e0 Tanger, au moment o\u00f9 une autre de ses compatriotes a \u00e9t\u00e9 gri\u00e8vement bless\u00e9e, apr\u00e8s le match opposant le S\u00e9n\u00e9gal au Soudan \u00bb, a-t-elle \u00e9crit. <\/p>\n<p style=\"text-align: justify;\">Au nom de son d\u00e9partement minist\u00e9riel et en son nom personnel, la ministre a pr\u00e9sent\u00e9 ses sinc\u00e8res condol\u00e9ances \u00e0 la famille de la d\u00e9funte, \u00e0 ses proches, \u00e0 la communaut\u00e9 estudiantine s\u00e9n\u00e9galaise, ainsi qu\u2019\u00e0 l\u2019ensemble des compatriotes \u00e9tablis au Maroc. <\/p>\n<p style=\"text-align: justify;\">Khady Gaye Di\u00e8ne a \u00e9galement adress\u00e9 ses v\u0153ux de prompt r\u00e9tablissement \u00e0 l\u2019\u00e9tudiante gri\u00e8vement bless\u00e9e, exprimant sa solidarit\u00e9 et son soutien \u00e0 sa famille. \u00ab Que le Tout-Puissant accueille la disparue en Sa mis\u00e9ricorde infinie. Paix \u00e0 son \u00e2me \u00bb, a conclu la ministre. <\/p>\n","protected":false},"excerpt":{"rendered":"Un tragique accident de la circulation s\u2019est produit hier, sur la route de Tanger, au Maroc, \u00e0 l\u2019issue&hellip;\n","protected":false},"author":2,"featured_media":3103,"comment_status":"","ping_status":"","sticky":false,"template":"","format":"standard","meta":{"footnotes":""},"categories":[48],"tags":[64,274,279,273,277,278,271,281,283,272,280,276,275,159,282],"class_list":{"0":"post-3102","1":"post","2":"type-post","3":"status-publish","4":"format-standard","5":"has-post-thumbnail","7":"category-senegal","8":"tag-afrique","9":"tag-aliou-cisse","10":"tag-amadou-ba","11":"tag-apr","12":"tag-bassirou-diomaye-faye","13":"tag-bathelemy-dias","14":"tag-dakar","15":"tag-el-malick-ndiaye","16":"tag-guy-marius-sagna","17":"tag-macky-sall","18":"tag-madiambal-diagne","19":"tag-ousmane-sonko","20":"tag-pastef","21":"tag-senegal","22":"tag-ziguinchor"},"share_on_mastodon":{"url":"","error":""},"_links":{"self":[{"href":"https:\/\/www.europesays.com\/africa\/wp-json\/wp\/v2\/posts\/3102","targetHints":{"allow":["GET"]}}],"collection":[{"href":"https:\/\/www.europesays.com\/africa\/wp-json\/wp\/v2\/posts"}],"about":[{"href":"https:\/\/www.europesays.com\/africa\/wp-json\/wp\/v2\/types\/post"}],"author":[{"embeddable":true,"href":"https:\/\/www.europesays.com\/africa\/wp-json\/wp\/v2\/users\/2"}],"replies":[{"embeddable":true,"href":"https:\/\/www.europesays.com\/africa\/wp-json\/wp\/v2\/comments?post=3102"}],"version-history":[{"count":0,"href":"https:\/\/www.europesays.com\/africa\/wp-json\/wp\/v2\/posts\/3102\/revisions"}],"wp:featuredmedia":[{"embeddable":true,"href":"https:\/\/www.europesays.com\/africa\/wp-json\/wp\/v2\/media\/3103"}],"wp:attachment":[{"href":"https:\/\/www.europesays.com\/africa\/wp-json\/wp\/v2\/media?parent=3102"}],"wp:term":[{"taxonomy":"category","embeddable":true,"href":"https:\/\/www.europesays.com\/africa\/wp-json\/wp\/v2\/categories?post=3102"},{"taxonomy":"post_tag","embeddable":true,"href":"https:\/\/www.europesays.com\/africa\/wp-json\/wp\/v2\/tags?post=3102"}],"curies":[{"name":"wp","href":"https:\/\/api.w.org\/{rel}","templated":true}]}}