{"id":3126,"date":"2026-01-04T16:36:07","date_gmt":"2026-01-04T16:36:07","guid":{"rendered":"https:\/\/www.europesays.com\/africa\/3126\/"},"modified":"2026-01-04T16:36:07","modified_gmt":"2026-01-04T16:36:07","slug":"niakhate-ol-et-le-senegal-affronteront-le-mali-en-quarts-de-can","status":"publish","type":"post","link":"https:\/\/www.europesays.com\/africa\/3126\/","title":{"rendered":"Niakhat\u00e9 (OL) et le S\u00e9n\u00e9gal affronteront le Mali en quarts de CAN"},"content":{"rendered":"<p>                            <img width=\"770\" height=\"433\" src=\"https:\/\/www.europesays.com\/africa\/wp-content\/uploads\/2026\/01\/AFP__20260103__89J86KV__v1__HighRes__FblAfr2025Match37SenSdn-e1767538834207-770x433.jpg\" class=\"attachment-article size-article wp-post-image\" alt=\"Moussa Niakhat\u00e9 et le S\u00e9n\u00e9gal contre le Soudan\" decoding=\"async\" fetchpriority=\"high\"  \/><\/p>\n<p>Moussa Niakhat\u00e9 et le S\u00e9n\u00e9gal contre le Soudan (Photo by Abdel Majid BZIOUAT \/ AFP)<\/p>\n<p>Solide vainqueur du Soudan, le S\u00e9n\u00e9gal attendait de connaitre son adversaire pour le quart de finale de CAN. Ce ne sera pas la Tunisie mais bien le Mali, qualifi\u00e9 lors de la s\u00e9ance des tirs au but.<\/p>\n<p>Avec une Coupe d\u2019Afrique des Nations 2025 organis\u00e9e au\u00a0Maroc, les pays du Maghreb avaient \u00e0 c\u0153ur de bien figurer. Les Lions de l\u2019Atlas forc\u00e9ment avec une comp\u00e9tition \u00e0 la maison, mais aussi l\u2019Alg\u00e9rie\u00a0et la\u00a0Tunisie. Seulement, l\u2019aventure a \u00e9t\u00e9 bien plus courte que pr\u00e9vue pour les Aigles de Carthage. Oppos\u00e9s au Mali en huiti\u00e8mes de finale de cette CAN, ils ont mordu la poussi\u00e8re au stade Mohamed VI de Casablanca. \u00c0 onze contre dix depuis la 26e minute, la Tunisie pensait avoir fait le plus dur \u00e0 la 88e en ouvrant la marque. Mais le Mali a trouv\u00e9 les ressources n\u00e9cessaires pour \u00e9galiser en inf\u00e9riorit\u00e9 num\u00e9rique \u00e0 la 96e gr\u00e2ce \u00e0 l\u2019Auxerrois\u00a0Sinayoko\u00a0sur penalty.<\/p>\n<p>Les prolongations n\u2019ayant rien donn\u00e9, les Maliens ont valid\u00e9 leur ticket lors de la s\u00e9ance des tirs au but (1-1, 4 tab 2). Satisfait de sa qualification quelques heures auparavant, le\u00a0S\u00e9n\u00e9gal\u00a0a donc regard\u00e9 avec attention ce huiti\u00e8me de finale puisque le\u00a0Mali\u00a0sera son prochain adversaire en quart de finale. Moussa\u00a0<a href=\"https:\/\/www.olympique-et-lyonnais.com\/senegal-niakhate-a-chambre-camara-apres-la-victoire-de-lol-a-monaco,387895.html\" rel=\"nofollow noopener\" target=\"_blank\">Niakhat\u00e9<\/a>\u00a0et les Lions de la Teranga affronteront la s\u00e9lection malienne ce vendredi 9 janvier \u00e0 17h, toujours du c\u00f4t\u00e9 de Tanger.<\/p>\n<p>\t\t\t\t\t<a href=\"https:\/\/www.olympique-et-lyonnais.com\/exclu-lors-de-lille-rennes-alexsandro-manquera-la-venue-de-lol,387909.html\" title=\"Exclu lors de Lille - Rennes, Alexsandro manquera la venue de l\u2019OL\" rel=\"nofollow noopener\" target=\"_blank\"><img loading=\"lazy\" width=\"580\" height=\"326\" src=\"https:\/\/www.europesays.com\/africa\/wp-content\/uploads\/2026\/01\/MjAyNTExN2U1Y2VjOTEyNDBjNzZiODBhMzBhMWRmZTVmY2Y2NDQ-580x326.jpeg\" class=\"attachment-actularge size-actularge wp-post-image\" alt=\"Alexsandro d\u00e9fenseur de Lille\" decoding=\"async\"  \/>\t\t\t\t\t<\/a><\/p>\n","protected":false},"excerpt":{"rendered":"Moussa Niakhat\u00e9 et le S\u00e9n\u00e9gal contre le Soudan (Photo by Abdel Majid BZIOUAT \/ AFP) Solide vainqueur du&hellip;\n","protected":false},"author":2,"featured_media":3127,"comment_status":"","ping_status":"","sticky":false,"template":"","format":"standard","meta":{"footnotes":""},"categories":[48],"tags":[1385,2492,159],"class_list":{"0":"post-3126","1":"post","2":"type-post","3":"status-publish","4":"format-standard","5":"has-post-thumbnail","7":"category-senegal","8":"tag-ol","9":"tag-olympique-lyonnais","10":"tag-senegal"},"share_on_mastodon":{"url":"","error":""},"_links":{"self":[{"href":"https:\/\/www.europesays.com\/africa\/wp-json\/wp\/v2\/posts\/3126","targetHints":{"allow":["GET"]}}],"collection":[{"href":"https:\/\/www.europesays.com\/africa\/wp-json\/wp\/v2\/posts"}],"about":[{"href":"https:\/\/www.europesays.com\/africa\/wp-json\/wp\/v2\/types\/post"}],"author":[{"embeddable":true,"href":"https:\/\/www.europesays.com\/africa\/wp-json\/wp\/v2\/users\/2"}],"replies":[{"embeddable":true,"href":"https:\/\/www.europesays.com\/africa\/wp-json\/wp\/v2\/comments?post=3126"}],"version-history":[{"count":0,"href":"https:\/\/www.europesays.com\/africa\/wp-json\/wp\/v2\/posts\/3126\/revisions"}],"wp:featuredmedia":[{"embeddable":true,"href":"https:\/\/www.europesays.com\/africa\/wp-json\/wp\/v2\/media\/3127"}],"wp:attachment":[{"href":"https:\/\/www.europesays.com\/africa\/wp-json\/wp\/v2\/media?parent=3126"}],"wp:term":[{"taxonomy":"category","embeddable":true,"href":"https:\/\/www.europesays.com\/africa\/wp-json\/wp\/v2\/categories?post=3126"},{"taxonomy":"post_tag","embeddable":true,"href":"https:\/\/www.europesays.com\/africa\/wp-json\/wp\/v2\/tags?post=3126"}],"curies":[{"name":"wp","href":"https:\/\/api.w.org\/{rel}","templated":true}]}}