{"id":3128,"date":"2026-01-04T16:37:14","date_gmt":"2026-01-04T16:37:14","guid":{"rendered":"https:\/\/www.europesays.com\/africa\/3128\/"},"modified":"2026-01-04T16:37:14","modified_gmt":"2026-01-04T16:37:14","slug":"un-boeuf-seme-la-panique-sur-le-port-de-dieppe-et-tombe-de-la-falaise","status":"publish","type":"post","link":"https:\/\/www.europesays.com\/africa\/3128\/","title":{"rendered":"un b\u0153uf s\u00e8me la panique sur le port de Dieppe et tombe de la falaise"},"content":{"rendered":"<p>                    Par<\/p>\n<p>            <a href=\"https:\/\/actu.fr\/auteur\/veronique-weber\" title=\"Consulter tous les articles de Veronique Weber\" rel=\"nofollow noopener\" target=\"_blank\">Veronique Weber<\/a><\/p>\n<p>        Publi\u00e9 le<\/p>\n<p>            4 janv. 2026 \u00e0 10h02        <\/p>\n<p>Dans le journal du 4\u00a0janvier 1952, un des gros titres des Informations dieppoises saute aux yeux : \u00ab D\u00e9barqu\u00e9 quai du Maroc, un b\u0153uf s\u2019\u00e9chappe et, furieux, blesse quatre personnes dans le quartier du Pollet \u00bb. Un fait divers \u00e9tonnant survenu le lundi pr\u00e9c\u00e9dent \u00e0 <a href=\"https:\/\/actu.fr\/normandie\/dieppe_76217\" rel=\"nofollow noopener\" target=\"_blank\">Dieppe (Seine-Maritime)<\/a>.<\/p>\n<p class=\" wall-content\">Tout d\u00e9bute sur le port de commerce quand les dockers commencent \u00e0 proc\u00e9der au d\u00e9barquement de 227 b\u0153ufs et chevaux arriv\u00e9s \u00e0 bord d\u2019un navire en provenance de Dublin en Irlande. Mais sur la centaine de m\u00e8tres que les b\u00eates devaient parcourir entre le bateau et leur parc, deux b\u0153ufs se sont fait la belle.<\/p>\n<p>Un enfant de 6\u00a0ans bless\u00e9 \u00e0 la jambe<\/p>\n<p class=\" wall-content\">Le premier prend la direction de l\u2019hippodrome, mais il rejoint vite des vaches dans un pr\u00e9. L\u2019autre prend la poudre d\u2019escampette direction le Pollet et c\u2019est l\u00e0 que \u00e7a se g\u00e2te. \u00ab C\u2019est cette seconde b\u00eate qui, le naseau fumant, allait causer la panique dans le quartier maritime de notre ville o\u00f9 trois hommes et un enfant devaient \u00eatre victimes de charges \u00bb, relate le journaliste de l\u2019\u00e9poque. L\u2019enfant, bless\u00e9 \u00e0 la jambe, est \u00e2g\u00e9 de 6\u00a0ans.<\/p>\n<p class=\" wall-content\">Les victimes sont prises en charge par les pompiers, mais l\u2019histoire ne s\u2019arr\u00eate pas l\u00e0. Car le b\u0153uf n\u2019est pas d\u00e9cid\u00e9 \u00e0 rentrer au bercail. Il poursuit sa course \u00e0 travers la ville, empruntant les ponts Colbert et Ango, \u00e0 proximit\u00e9 de la rue T\u00eate-de-B\u0153uf, avant de passer devant le journal rue Claude-Groulard.<\/p>\n<p>Vid\u00e9os : en ce moment sur ActuLe b\u0153uf finit par chuter de la falaise<\/p>\n<p class=\" wall-content\">\u00ab Cette travers\u00e9e de la ville n\u2019avait heureusement pas allong\u00e9 la liste des victimes : charg\u00e9e \u00e0 proximit\u00e9 du palais de justice, une dame \u00e2g\u00e9e avait r\u00e9ussi \u00e0 \u00e9carter le danger en \u00e9tendant devant elle, \u00e0 la mani\u00e8re d\u2019une cape\u2026 son parapluie \u00bb poursuit le journaliste.<\/p>\n<p>Votre r\u00e9gion, votre actu !<\/p>\n<p>Recevez chaque jour les infos qui comptent pour vous.<\/p>\n<p>\t<a href=\"https:\/\/actu.fr\/newsletter\" class=\"ac-btn ac-btn--corner ac-btn--medium ac-btn--blue800\" rel=\"nofollow noopener\" target=\"_blank\">S&#8217;incrire<\/a><\/p>\n<p class=\" wall-content\">Pris en chasse par \u00ab des gardiens de la paix arm\u00e9s \u00bb, le b\u0153uf escalade le chemin de la Citadelle et arrive sur l\u2019esplanade en bord de falaise. \u00ab Accul\u00e9e, la b\u00eate ne pouvait plus \u00e0 ce moment \u00e9chapper \u00e0 ses poursuivants et elle devait ou tomber sous des balles de mitraillettes ou faire le grand saut\u2026 \u00bb note le journaliste. C\u2019est ainsi que l\u2019animal finit par s\u2019\u00e9craser en bas de la falaise.<\/p>\n<p class=\" wall-content\">Personnalisez votre actualit\u00e9 en ajoutant vos villes et m\u00e9dias en favori avec <a href=\"https:\/\/moncompte.actu.fr\" title=\"D\u00e9couvez Mon Actu\" rel=\"nofollow noopener\" data-trk=\"{&quot;cta&quot;:{&quot;action&quot;:&quot;https:\\\/\\\/moncompte.actu.fr&quot;,&quot;category&quot;:&quot;mon compte&quot;,&quot;from&quot;:&quot;article footer&quot;,&quot;name&quot;:&quot;Mon actu&quot;,&quot;type&quot;:&quot;cta&quot;}}\" target=\"_blank\">Mon Actu<\/a>.<\/p>\n","protected":false},"excerpt":{"rendered":"Par Veronique Weber Publi\u00e9 le 4 janv. 2026 \u00e0 10h02 Dans le journal du 4\u00a0janvier 1952, un des&hellip;\n","protected":false},"author":2,"featured_media":3129,"comment_status":"","ping_status":"","sticky":false,"template":"","format":"standard","meta":{"footnotes":""},"categories":[41],"tags":[2731,558,158,2732,239],"class_list":{"0":"post-3128","1":"post","2":"type-post","3":"status-publish","4":"format-standard","5":"has-post-thumbnail","7":"category-maroc","8":"tag-histoire","9":"tag-insolite","10":"tag-maroc","11":"tag-port-de-dieppe","12":"tag-societe"},"share_on_mastodon":{"url":"","error":""},"_links":{"self":[{"href":"https:\/\/www.europesays.com\/africa\/wp-json\/wp\/v2\/posts\/3128","targetHints":{"allow":["GET"]}}],"collection":[{"href":"https:\/\/www.europesays.com\/africa\/wp-json\/wp\/v2\/posts"}],"about":[{"href":"https:\/\/www.europesays.com\/africa\/wp-json\/wp\/v2\/types\/post"}],"author":[{"embeddable":true,"href":"https:\/\/www.europesays.com\/africa\/wp-json\/wp\/v2\/users\/2"}],"replies":[{"embeddable":true,"href":"https:\/\/www.europesays.com\/africa\/wp-json\/wp\/v2\/comments?post=3128"}],"version-history":[{"count":0,"href":"https:\/\/www.europesays.com\/africa\/wp-json\/wp\/v2\/posts\/3128\/revisions"}],"wp:featuredmedia":[{"embeddable":true,"href":"https:\/\/www.europesays.com\/africa\/wp-json\/wp\/v2\/media\/3129"}],"wp:attachment":[{"href":"https:\/\/www.europesays.com\/africa\/wp-json\/wp\/v2\/media?parent=3128"}],"wp:term":[{"taxonomy":"category","embeddable":true,"href":"https:\/\/www.europesays.com\/africa\/wp-json\/wp\/v2\/categories?post=3128"},{"taxonomy":"post_tag","embeddable":true,"href":"https:\/\/www.europesays.com\/africa\/wp-json\/wp\/v2\/tags?post=3128"}],"curies":[{"name":"wp","href":"https:\/\/api.w.org\/{rel}","templated":true}]}}