{"id":3151,"date":"2026-01-04T16:51:07","date_gmt":"2026-01-04T16:51:07","guid":{"rendered":"https:\/\/www.europesays.com\/africa\/3151\/"},"modified":"2026-01-04T16:51:07","modified_gmt":"2026-01-04T16:51:07","slug":"tensions-entre-bassirou-diomaye-et-ousmane-sonko-lanalyse-tranchante-du-dr-hady-ba","status":"publish","type":"post","link":"https:\/\/www.europesays.com\/africa\/3151\/","title":{"rendered":"Tensions entre Bassirou Diomaye et Ousmane Sonko ? L\u2019analyse tranchante du Dr Hady Ba"},"content":{"rendered":"<p class=\"firstp\">Les tensions apparues ces derniers mois au sommet de l\u2019\u00c9tat r\u00e9v\u00e8lent, selon le philosophe et enseignant-chercheur Dr Hady Ba, une crise institutionnelle de fond. Invit\u00e9 de l\u2019\u00e9mission Grand Jury sur la RFM, ce dimanche 4 janvier 2025, il a livr\u00e9 une lecture critique de la situation politique actuelle, qu\u2019il attribue \u00e0 une mauvaise appr\u00e9hension du fonctionnement du pouvoir ex\u00e9cutif au S\u00e9n\u00e9gal.<\/p>\n<p>Pour le Dr Ba, l\u2019origine du malaise r\u00e9side dans la configuration m\u00eame du r\u00e9gime s\u00e9n\u00e9galais. Il rappelle que le pays repose sur un syst\u00e8me pr\u00e9sidentiel fortement centralis\u00e9, dans lequel le chef de l\u2019\u00c9tat concentre l\u2019essentiel des pr\u00e9rogatives. \u00ab Le S\u00e9n\u00e9gal est une r\u00e9publique avec un syst\u00e8me pr\u00e9sidentiel tr\u00e8s fort. Le pr\u00e9sident de la R\u00e9publique est v\u00e9ritablement le chef de l\u2019\u00c9tat et d\u00e9tient l\u2019essentiel du pouvoir \u00bb, affirme-t-il, insistant sur le caract\u00e8re peu \u00e9quivoque de cette architecture institutionnelle.\n<\/p>\n<p>Selon lui, toute tentative de remise en cause ou de r\u00e9\u00e9quilibrage de cette hi\u00e9rarchie est susceptible de g\u00e9n\u00e9rer des frictions au sein de l\u2019ex\u00e9cutif, notamment entre le pr\u00e9sident de la R\u00e9publique et le Premier ministre. \u00ab Si le Premier ministre ne peut pas se soumettre au pr\u00e9sident de la R\u00e9publique, le Premier ministre part \u00bb, soutient-il, estimant que ce type de confrontation est \u00ab structurellement vou\u00e9 \u00e0 l\u2019\u00e9chec \u00bb.<\/p>\n<p>Le philosophe souligne \u00e9galement que cette situation contribue \u00e0 une crise d\u00e9mocratique plus large. La confusion autour des r\u00f4les et des responsabilit\u00e9s au sommet de l\u2019\u00c9tat brouille, selon lui, la lisibilit\u00e9 de l\u2019action publique. \u00ab On ne sait plus qui est responsable de quoi \u00bb, regrette-t-il, pointant les difficult\u00e9s \u00e0 \u00ab imputer clairement le bilan \u00bb \u00e0 un acteur pr\u00e9cis de l\u2019ex\u00e9cutif.<\/p>\n","protected":false},"excerpt":{"rendered":"Les tensions apparues ces derniers mois au sommet de l\u2019\u00c9tat r\u00e9v\u00e8lent, selon le philosophe et enseignant-chercheur Dr Hady&hellip;\n","protected":false},"author":2,"featured_media":3152,"comment_status":"","ping_status":"","sticky":false,"template":"","format":"standard","meta":{"footnotes":""},"categories":[48],"tags":[277,276,248,159,163],"class_list":{"0":"post-3151","1":"post","2":"type-post","3":"status-publish","4":"format-standard","5":"has-post-thumbnail","7":"category-senegal","8":"tag-bassirou-diomaye-faye","9":"tag-ousmane-sonko","10":"tag-politique","11":"tag-senegal","12":"tag-senegal-actualites"},"share_on_mastodon":{"url":"","error":""},"_links":{"self":[{"href":"https:\/\/www.europesays.com\/africa\/wp-json\/wp\/v2\/posts\/3151","targetHints":{"allow":["GET"]}}],"collection":[{"href":"https:\/\/www.europesays.com\/africa\/wp-json\/wp\/v2\/posts"}],"about":[{"href":"https:\/\/www.europesays.com\/africa\/wp-json\/wp\/v2\/types\/post"}],"author":[{"embeddable":true,"href":"https:\/\/www.europesays.com\/africa\/wp-json\/wp\/v2\/users\/2"}],"replies":[{"embeddable":true,"href":"https:\/\/www.europesays.com\/africa\/wp-json\/wp\/v2\/comments?post=3151"}],"version-history":[{"count":0,"href":"https:\/\/www.europesays.com\/africa\/wp-json\/wp\/v2\/posts\/3151\/revisions"}],"wp:featuredmedia":[{"embeddable":true,"href":"https:\/\/www.europesays.com\/africa\/wp-json\/wp\/v2\/media\/3152"}],"wp:attachment":[{"href":"https:\/\/www.europesays.com\/africa\/wp-json\/wp\/v2\/media?parent=3151"}],"wp:term":[{"taxonomy":"category","embeddable":true,"href":"https:\/\/www.europesays.com\/africa\/wp-json\/wp\/v2\/categories?post=3151"},{"taxonomy":"post_tag","embeddable":true,"href":"https:\/\/www.europesays.com\/africa\/wp-json\/wp\/v2\/tags?post=3151"}],"curies":[{"name":"wp","href":"https:\/\/api.w.org\/{rel}","templated":true}]}}